{"id":133,"date":"2009-04-01T17:34:26","date_gmt":"2009-04-01T15:34:26","guid":{"rendered":"http:\/\/www.kunstgalerie-barbara.de\/Homepage\/blog2\/?p=133"},"modified":"2010-04-19T06:48:26","modified_gmt":"2010-04-19T04:48:26","slug":"vorubergehendes-phanomen-oder-dauerprojekt","status":"publish","type":"post","link":"http:\/\/www.kunstgalerie-barbara.de\/Homepage\/blog2\/2009\/04\/vorubergehendes-phanomen-oder-dauerprojekt\/","title":{"rendered":"Vor\u00fcbergehendes Ph\u00e4nomen oder Dauerprojekt ?"},"content":{"rendered":"<p>Ich glaube, es w\u00e4re nicht richtig das Klimakterium als vor\u00fcbergehendes Ph\u00e4nomen zu betrachten, nach dessen Bew\u00e4ltigung man sozusagen zur Tagesordnung \u00fcbergehen kann, so als sei nichts geschehen. <!--more-->Nein,  die Wechseljahre  sind schon zuzusagen als Dauerprojekt angelegt und als solches zu betrachten. Denn der Wechsel von einem zum anderen Lebensabschnitt geht nicht von heute auf morgen vor sich. Der seelische Wandel und ich meine in erster Linie ihn, braucht viel Zeit Geduld und Achtsamkeit. Vor allem die Geduld derer, also der Frauen diese Phase durchleben. Es ist wichtig, diese Zeit nicht abzutun und schnell abzuhaken, sondern sie will bewu\u00dft und mit allen Sinnen durchlebt werden.<\/p>\n","protected":false},"excerpt":{"rendered":"<p>Ich glaube, es w\u00e4re nicht richtig das Klimakterium als vor\u00fcbergehendes Ph\u00e4nomen zu betrachten, nach dessen Bew\u00e4ltigung man sozusagen zur Tagesordnung \u00fcbergehen kann, so als sei nichts geschehen.<\/p>\n","protected":false},"author":1,"featured_media":0,"comment_status":"open","ping_status":"open","sticky":false,"template":"","format":"standard","meta":[],"categories":[1],"tags":[],"_links":{"self":[{"href":"http:\/\/www.kunstgalerie-barbara.de\/Homepage\/blog2\/wp-json\/wp\/v2\/posts\/133"}],"collection":[{"href":"http:\/\/www.kunstgalerie-barbara.de\/Homepage\/blog2\/wp-json\/wp\/v2\/posts"}],"about":[{"href":"http:\/\/www.kunstgalerie-barbara.de\/Homepage\/blog2\/wp-json\/wp\/v2\/types\/post"}],"author":[{"embeddable":true,"href":"http:\/\/www.kunstgalerie-barbara.de\/Homepage\/blog2\/wp-json\/wp\/v2\/users\/1"}],"replies":[{"embeddable":true,"href":"http:\/\/www.kunstgalerie-barbara.de\/Homepage\/blog2\/wp-json\/wp\/v2\/comments?post=133"}],"version-history":[{"count":3,"href":"http:\/\/www.kunstgalerie-barbara.de\/Homepage\/blog2\/wp-json\/wp\/v2\/posts\/133\/revisions"}],"predecessor-version":[{"id":135,"href":"http:\/\/www.kunstgalerie-barbara.de\/Homepage\/blog2\/wp-json\/wp\/v2\/posts\/133\/revisions\/135"}],"wp:attachment":[{"href":"http:\/\/www.kunstgalerie-barbara.de\/Homepage\/blog2\/wp-json\/wp\/v2\/media?parent=133"}],"wp:term":[{"taxonomy":"category","embeddable":true,"href":"http:\/\/www.kunstgalerie-barbara.de\/Homepage\/blog2\/wp-json\/wp\/v2\/categories?post=133"},{"taxonomy":"post_tag","embeddable":true,"href":"http:\/\/www.kunstgalerie-barbara.de\/Homepage\/blog2\/wp-json\/wp\/v2\/tags?post=133"}],"curies":[{"name":"wp","href":"https:\/\/api.w.org\/{rel}","templated":true}]}}