{"id":191,"date":"2009-01-01T08:11:20","date_gmt":"2009-01-01T07:11:20","guid":{"rendered":"http:\/\/www.kunstgalerie-barbara.de\/Homepage\/blog2\/?p=191"},"modified":"2019-03-23T11:40:08","modified_gmt":"2019-03-23T10:40:08","slug":"frauenpower","status":"publish","type":"post","link":"http:\/\/www.kunstgalerie-barbara.de\/Homepage\/blog2\/2009\/01\/frauenpower\/","title":{"rendered":"Frauenpower&#8230;"},"content":{"rendered":"<p>Es ist tr\u00f6stlich, dass es Frauen gibt die der M\u00e4nnerwelt und M\u00e4nnerideen, die unsere Gesellschaft nicht unbedingt weiter bringen, Paroli bieten<\/p>\n<p>&nbsp;<\/p>\n","protected":false},"excerpt":{"rendered":"<p>Es ist tr\u00f6stlich, dass es Frauen gibt die der M\u00e4nnerwelt und M\u00e4nnerideen, die unsere Gesellschaft nicht unbedingt weiter bringen, Paroli bieten &nbsp;<\/p>\n","protected":false},"author":1,"featured_media":0,"comment_status":"open","ping_status":"open","sticky":false,"template":"","format":"standard","meta":[],"categories":[1],"tags":[],"_links":{"self":[{"href":"http:\/\/www.kunstgalerie-barbara.de\/Homepage\/blog2\/wp-json\/wp\/v2\/posts\/191"}],"collection":[{"href":"http:\/\/www.kunstgalerie-barbara.de\/Homepage\/blog2\/wp-json\/wp\/v2\/posts"}],"about":[{"href":"http:\/\/www.kunstgalerie-barbara.de\/Homepage\/blog2\/wp-json\/wp\/v2\/types\/post"}],"author":[{"embeddable":true,"href":"http:\/\/www.kunstgalerie-barbara.de\/Homepage\/blog2\/wp-json\/wp\/v2\/users\/1"}],"replies":[{"embeddable":true,"href":"http:\/\/www.kunstgalerie-barbara.de\/Homepage\/blog2\/wp-json\/wp\/v2\/comments?post=191"}],"version-history":[{"count":3,"href":"http:\/\/www.kunstgalerie-barbara.de\/Homepage\/blog2\/wp-json\/wp\/v2\/posts\/191\/revisions"}],"predecessor-version":[{"id":730,"href":"http:\/\/www.kunstgalerie-barbara.de\/Homepage\/blog2\/wp-json\/wp\/v2\/posts\/191\/revisions\/730"}],"wp:attachment":[{"href":"http:\/\/www.kunstgalerie-barbara.de\/Homepage\/blog2\/wp-json\/wp\/v2\/media?parent=191"}],"wp:term":[{"taxonomy":"category","embeddable":true,"href":"http:\/\/www.kunstgalerie-barbara.de\/Homepage\/blog2\/wp-json\/wp\/v2\/categories?post=191"},{"taxonomy":"post_tag","embeddable":true,"href":"http:\/\/www.kunstgalerie-barbara.de\/Homepage\/blog2\/wp-json\/wp\/v2\/tags?post=191"}],"curies":[{"name":"wp","href":"https:\/\/api.w.org\/{rel}","templated":true}]}}