{"id":293,"date":"2010-10-08T08:30:17","date_gmt":"2010-10-08T06:30:17","guid":{"rendered":"http:\/\/www.kunstgalerie-barbara.de\/Homepage\/blog2\/?p=293"},"modified":"2011-07-13T07:54:54","modified_gmt":"2011-07-13T05:54:54","slug":"es-ist-schon-zu-wissen","status":"publish","type":"post","link":"http:\/\/www.kunstgalerie-barbara.de\/Homepage\/blog2\/2010\/10\/es-ist-schon-zu-wissen\/","title":{"rendered":"Es ist sch\u00f6n zu wissen&#8230;"},"content":{"rendered":"<p>&#8230;dass es Frauen gibt, an denen die Wechseljahre scheinbar spurenlos, also unbemerkt vorbeigehen. Ich begl\u00fcckw\u00fcnsche sie dazu! Dass dies\u00a0 so ausgiebig und etwas sehr einseitig in der Zeitschrift &#8220;Brigitte&#8221; Ausgabe 21\/2010 thematisiert wird, in dem Artikel&#8221; Wechseljahre-bei mir kein Thema&#8221; hat meine ich, einen speziellen Grund, es sieht so aus, als solle zum Gegenangriff geblasen werden, nach dem Motto:<br \/>\n&#8221; Frauen im Klimakterium, was stellt ihr euch so verdammt an, ihr seht doch, alles gar nicht so schlimm!&#8221;<br \/>\nIrgendwie mu\u00dfte das ja kommen. Wenn etwas dabei ist, sich m\u00fchselig in den K\u00f6pfen der Menschen zu etablieren, kommt irgendjemand und versucht das ganze r\u00fcckg\u00e4ngig zu machen.<br \/>\nSo einfach sollten wir Frauen es denen, die dies versuchen allerdings nicht machen. Wir sollten schon auch weiterhin mit Selbstbewu\u00dftsein zu uns und unseren Befindlichkeiten stehen!<\/p>\n","protected":false},"excerpt":{"rendered":"<p>&#8230;dass es Frauen gibt, an denen die Wechseljahre scheinbar spurenlos, also unbemerkt vorbeigehen. Ich begl\u00fcckw\u00fcnsche sie dazu! Dass dies\u00a0 so ausgiebig und etwas sehr einseitig in der Zeitschrift &#8220;Brigitte&#8221; Ausgabe 21\/2010 thematisiert wird, in dem Artikel&#8221; Wechseljahre-bei mir kein Thema&#8221; hat meine ich, einen speziellen Grund, es sieht so aus, als solle zum Gegenangriff geblasen werden, nach dem Motto: &#8221; Frauen im Klimakterium, was stellt ihr euch so verdammt an, ihr seht doch, alles gar nicht so schlimm!&#8221; Irgendwie mu\u00dfte das ja kommen. Wenn etwas dabei ist, sich m\u00fchselig in den K\u00f6pfen der Menschen zu etablieren, kommt irgendjemand und versucht das ganze r\u00fcckg\u00e4ngig zu machen. So einfach sollten wir Frauen es denen, die dies versuchen allerdings nicht machen. Wir sollten schon auch weiterhin mit Selbstbewu\u00dftsein zu uns und unseren Befindlichkeiten stehen!<\/p>\n","protected":false},"author":1,"featured_media":0,"comment_status":"open","ping_status":"open","sticky":false,"template":"","format":"standard","meta":[],"categories":[1],"tags":[],"_links":{"self":[{"href":"http:\/\/www.kunstgalerie-barbara.de\/Homepage\/blog2\/wp-json\/wp\/v2\/posts\/293"}],"collection":[{"href":"http:\/\/www.kunstgalerie-barbara.de\/Homepage\/blog2\/wp-json\/wp\/v2\/posts"}],"about":[{"href":"http:\/\/www.kunstgalerie-barbara.de\/Homepage\/blog2\/wp-json\/wp\/v2\/types\/post"}],"author":[{"embeddable":true,"href":"http:\/\/www.kunstgalerie-barbara.de\/Homepage\/blog2\/wp-json\/wp\/v2\/users\/1"}],"replies":[{"embeddable":true,"href":"http:\/\/www.kunstgalerie-barbara.de\/Homepage\/blog2\/wp-json\/wp\/v2\/comments?post=293"}],"version-history":[{"count":5,"href":"http:\/\/www.kunstgalerie-barbara.de\/Homepage\/blog2\/wp-json\/wp\/v2\/posts\/293\/revisions"}],"predecessor-version":[{"id":350,"href":"http:\/\/www.kunstgalerie-barbara.de\/Homepage\/blog2\/wp-json\/wp\/v2\/posts\/293\/revisions\/350"}],"wp:attachment":[{"href":"http:\/\/www.kunstgalerie-barbara.de\/Homepage\/blog2\/wp-json\/wp\/v2\/media?parent=293"}],"wp:term":[{"taxonomy":"category","embeddable":true,"href":"http:\/\/www.kunstgalerie-barbara.de\/Homepage\/blog2\/wp-json\/wp\/v2\/categories?post=293"},{"taxonomy":"post_tag","embeddable":true,"href":"http:\/\/www.kunstgalerie-barbara.de\/Homepage\/blog2\/wp-json\/wp\/v2\/tags?post=293"}],"curies":[{"name":"wp","href":"https:\/\/api.w.org\/{rel}","templated":true}]}}