{"id":553,"date":"2014-09-27T07:04:42","date_gmt":"2014-09-27T05:04:42","guid":{"rendered":"http:\/\/www.kunstgalerie-barbara.de\/Homepage\/blog2\/?p=553"},"modified":"2014-09-27T07:09:10","modified_gmt":"2014-09-27T05:09:10","slug":"ja-ich-bin-feministin","status":"publish","type":"post","link":"http:\/\/www.kunstgalerie-barbara.de\/Homepage\/blog2\/2014\/09\/ja-ich-bin-feministin\/","title":{"rendered":"Ja, ich bin Feministin&#8230;"},"content":{"rendered":"<p>&#8230;bin es geworden \u00fcber die vielen Jahre hinweg und meine Wechsel-Jahre haben ne Menge dazu beigetragen! Denn genau w\u00e4hrend dieses schwierigen Prozesses wurde mir deutlich klar, (ich wurde ungewollt darauf gesto\u00dfen) was es mit der angeblichen Gleichberechtigung in unserer Gesellschaft wirklich auf sich hat. <!--more-->Erst da merkte ich, das Gleichberechtigung nur bedeutet, es den M\u00e4nnern in Leistung und Power gleichzutun! Und dies auf Teufel komm raus! Wir haben leider keine Wahl, es ist ein absolutes Mu\u00df! Denn unsere kapitalistische Gesellschaft funktioniert nicht nach weiblichen Kriterien sondern nach knallharten, m\u00e4nnlichen.<br \/>\nSchon im leistungsf\u00e4higen Alter, wenn Frau noch nicht diese oder jene Zipperlein palgen, ist dieses Mu\u00df nicht besonders gesundheitsf\u00f6rdernd je \u00e4lter Frau aber wird, so m\u00f6rderischer wirkt es sich aus und je eher Frau und Mann sich aus diesem mehr als ungesundem<br \/>\nDenk -System ausklingt. ausklinken kann, um so besser! Nein , ich bin kein F\u00fcrworter dieses m\u00e4nnlichen Systems und \u00c4chtung alles Weiblichen! Weiblichkeit, die nur\u00a0 sein darf, wenn sie sich auf \u00c4u\u00dferlichkeiten bezieht, Weiblichkeit, die Gefallen mu\u00df, um akzeptiert zu werden!<\/p>\n","protected":false},"excerpt":{"rendered":"<p>&#8230;bin es geworden \u00fcber die vielen Jahre hinweg und meine Wechsel-Jahre haben ne Menge dazu beigetragen! Denn genau w\u00e4hrend dieses schwierigen Prozesses wurde mir deutlich klar, (ich wurde ungewollt darauf gesto\u00dfen) was es mit der angeblichen Gleichberechtigung in unserer Gesellschaft wirklich auf sich hat.<\/p>\n","protected":false},"author":1,"featured_media":0,"comment_status":"open","ping_status":"open","sticky":false,"template":"","format":"standard","meta":[],"categories":[1],"tags":[],"_links":{"self":[{"href":"http:\/\/www.kunstgalerie-barbara.de\/Homepage\/blog2\/wp-json\/wp\/v2\/posts\/553"}],"collection":[{"href":"http:\/\/www.kunstgalerie-barbara.de\/Homepage\/blog2\/wp-json\/wp\/v2\/posts"}],"about":[{"href":"http:\/\/www.kunstgalerie-barbara.de\/Homepage\/blog2\/wp-json\/wp\/v2\/types\/post"}],"author":[{"embeddable":true,"href":"http:\/\/www.kunstgalerie-barbara.de\/Homepage\/blog2\/wp-json\/wp\/v2\/users\/1"}],"replies":[{"embeddable":true,"href":"http:\/\/www.kunstgalerie-barbara.de\/Homepage\/blog2\/wp-json\/wp\/v2\/comments?post=553"}],"version-history":[{"count":3,"href":"http:\/\/www.kunstgalerie-barbara.de\/Homepage\/blog2\/wp-json\/wp\/v2\/posts\/553\/revisions"}],"predecessor-version":[{"id":556,"href":"http:\/\/www.kunstgalerie-barbara.de\/Homepage\/blog2\/wp-json\/wp\/v2\/posts\/553\/revisions\/556"}],"wp:attachment":[{"href":"http:\/\/www.kunstgalerie-barbara.de\/Homepage\/blog2\/wp-json\/wp\/v2\/media?parent=553"}],"wp:term":[{"taxonomy":"category","embeddable":true,"href":"http:\/\/www.kunstgalerie-barbara.de\/Homepage\/blog2\/wp-json\/wp\/v2\/categories?post=553"},{"taxonomy":"post_tag","embeddable":true,"href":"http:\/\/www.kunstgalerie-barbara.de\/Homepage\/blog2\/wp-json\/wp\/v2\/tags?post=553"}],"curies":[{"name":"wp","href":"https:\/\/api.w.org\/{rel}","templated":true}]}}