{"id":763,"date":"2021-02-22T12:10:16","date_gmt":"2021-02-22T11:10:16","guid":{"rendered":"http:\/\/www.kunstgalerie-barbara.de\/Homepage\/blog2\/?p=763"},"modified":"2021-02-22T12:10:19","modified_gmt":"2021-02-22T11:10:19","slug":"nach-den-wechseljahren","status":"publish","type":"post","link":"http:\/\/www.kunstgalerie-barbara.de\/Homepage\/blog2\/2021\/02\/nach-den-wechseljahren\/","title":{"rendered":"Nach den Wechseljahren"},"content":{"rendered":"\n<p>Es kann ja durchaus Frauen geben, die denken, nach dem Klimakterium sei alles paletti, sie seien halt durch und alles sei ok. Womit durch? Wir befinden uns in permanenter Entwickung, oder besser R\u00fcckentwicklung, es ist ein Prozess, der bis zu unserem Lebensende andauert. Diesen Prozess nimmt nun jede Frau je nach Temperament und Konstitution unterschiedlich wahr. Mal mit mehr oder weniger Gelassenheit und Humor! <br>Da unser Hormonstatus nicht mehr der vor den Wechseljahren ist, werden fr\u00fcher oder sp\u00e4ter alle m\u00f6glichen Beschwerden einsetzen, die ich auch schon weitgehend beschrieben habe; unter anderem auch, die mit unseren Gelenken, B\u00e4ndern, Sehnen, Faszien ect.  Ich bin schon hinl\u00e4nglich gew\u00f6hnt daran, von Zeit zu Zeit Probleme mit meinen Knien zu haben, die ich mit Massage wieder in den Griff bekomme,  meine Lendenwirbels\u00e4ule nicht so will wie ich und mich nach l\u00e4ngerem Sitzen am Aufstehen hindern will. Dass ich aber eine Sprunglenkschw\u00e4che im rechten Kn\u00f6chel bekommen k\u00f6nnte, inklusive Umknicken und Muskel-Sehnenzerrung die monatelang anh\u00e4lt, das hatte ich noch nicht auf dem Schirm. Auch flei\u00dfiges tapen hilft da nicht letzlich. <br>Als w\u00e4re das nicht schon genug, nein, auch meine rechte Schulter meinte ganz pl\u00f6tzlich wie der Teufel schmerzen zu m\u00fcssen, als w\u00e4re der Arm ausgekugelt. Ob  das meiner Kalkschulter??? geschuldet ist oder nicht, es ist saum\u00e4\u00dfig anstrengend. Aber was soll&#8217;s, auch das werde ich irgendwann wieder in den Griff bekommen. <br>Wie hei\u00dft es so treffend:&#8221; Alter ist nichts f\u00fcr Feiglinge&#8221;<\/p>\n","protected":false},"excerpt":{"rendered":"<p>Es kann ja durchaus Frauen geben, die denken, nach dem Klimakterium sei alles paletti, sie seien halt durch und alles sei ok. Womit durch? Wir befinden uns in permanenter Entwickung, oder besser R\u00fcckentwicklung, es ist ein Prozess, der bis zu unserem Lebensende andauert. Diesen Prozess nimmt nun jede Frau je nach Temperament und Konstitution unterschiedlich wahr. Mal mit mehr oder weniger Gelassenheit und Humor! Da unser Hormonstatus nicht mehr der vor den Wechseljahren ist, werden fr\u00fcher oder sp\u00e4ter alle m\u00f6glichen Beschwerden einsetzen, die ich auch schon weitgehend beschrieben habe; unter anderem auch, die mit unseren Gelenken, B\u00e4ndern, Sehnen, Faszien ect. Ich bin schon hinl\u00e4nglich gew\u00f6hnt daran, von Zeit zu Zeit Probleme mit meinen Knien zu haben, die ich mit Massage wieder in den Griff bekomme, meine Lendenwirbels\u00e4ule nicht so will wie ich und mich nach l\u00e4ngerem Sitzen am Aufstehen hindern will. Dass ich aber eine Sprunglenkschw\u00e4che im rechten Kn\u00f6chel bekommen k\u00f6nnte, inklusive Umknicken und Muskel-Sehnenzerrung die monatelang anh\u00e4lt, das hatte ich noch nicht auf dem Schirm. Auch flei\u00dfiges tapen hilft da nicht letzlich. Als w\u00e4re das nicht schon genug, nein, auch meine rechte Schulter meinte ganz pl\u00f6tzlich wie der Teufel schmerzen zu m\u00fcssen, als w\u00e4re der Arm ausgekugelt. Ob das meiner Kalkschulter??? geschuldet ist oder nicht, es ist saum\u00e4\u00dfig anstrengend. Aber was soll&#8217;s, auch das werde ich irgendwann wieder in den Griff bekommen. Wie hei\u00dft es so treffend:&#8221; Alter ist nichts f\u00fcr Feiglinge&#8221;<\/p>\n","protected":false},"author":1,"featured_media":0,"comment_status":"open","ping_status":"open","sticky":false,"template":"","format":"standard","meta":[],"categories":[1],"tags":[],"_links":{"self":[{"href":"http:\/\/www.kunstgalerie-barbara.de\/Homepage\/blog2\/wp-json\/wp\/v2\/posts\/763"}],"collection":[{"href":"http:\/\/www.kunstgalerie-barbara.de\/Homepage\/blog2\/wp-json\/wp\/v2\/posts"}],"about":[{"href":"http:\/\/www.kunstgalerie-barbara.de\/Homepage\/blog2\/wp-json\/wp\/v2\/types\/post"}],"author":[{"embeddable":true,"href":"http:\/\/www.kunstgalerie-barbara.de\/Homepage\/blog2\/wp-json\/wp\/v2\/users\/1"}],"replies":[{"embeddable":true,"href":"http:\/\/www.kunstgalerie-barbara.de\/Homepage\/blog2\/wp-json\/wp\/v2\/comments?post=763"}],"version-history":[{"count":2,"href":"http:\/\/www.kunstgalerie-barbara.de\/Homepage\/blog2\/wp-json\/wp\/v2\/posts\/763\/revisions"}],"predecessor-version":[{"id":766,"href":"http:\/\/www.kunstgalerie-barbara.de\/Homepage\/blog2\/wp-json\/wp\/v2\/posts\/763\/revisions\/766"}],"wp:attachment":[{"href":"http:\/\/www.kunstgalerie-barbara.de\/Homepage\/blog2\/wp-json\/wp\/v2\/media?parent=763"}],"wp:term":[{"taxonomy":"category","embeddable":true,"href":"http:\/\/www.kunstgalerie-barbara.de\/Homepage\/blog2\/wp-json\/wp\/v2\/categories?post=763"},{"taxonomy":"post_tag","embeddable":true,"href":"http:\/\/www.kunstgalerie-barbara.de\/Homepage\/blog2\/wp-json\/wp\/v2\/tags?post=763"}],"curies":[{"name":"wp","href":"https:\/\/api.w.org\/{rel}","templated":true}]}}