{"id":10306,"date":"2012-06-04T07:58:23","date_gmt":"2012-06-04T06:58:23","guid":{"rendered":"http:\/\/www.kunstgalerie-barbara.de\/blog\/?p=10306"},"modified":"2012-06-05T08:32:32","modified_gmt":"2012-06-05T07:32:32","slug":"so-fantastisch-kann-natur-sein","status":"publish","type":"post","link":"http:\/\/www.kunstgalerie-barbara.de\/blog\/2012\/06\/so-fantastisch-kann-natur-sein\/","title":{"rendered":"So fantastisch kann Natur sein&#8230;"},"content":{"rendered":"<p style=\"text-align: center;\"><a href=\"http:\/\/www.kunstgalerie-barbara.de\/blog\/wp-content\/uploads\/2012\/06\/P1130653.jpg\"><img loading=\"lazy\" decoding=\"async\" class=\"aligncenter  wp-image-10307\" title=\"P1130653\" src=\"http:\/\/www.kunstgalerie-barbara.de\/blog\/wp-content\/uploads\/2012\/06\/P1130653.jpg\" alt=\"\" width=\"420\" height=\"560\" \/><\/a>&#8230;dies ist nicht Teil eines angelegten Gartens, sondern pure Natur und sie befindet sich nicht irgendwo au\u00dferhalb Bremens, sondern mittendrin auf einer sogenannten Brache im Hafenbereich. Auf einem unbebauten St\u00fcck ziemlich steiniger Erde haben sich, weil der Mensch es v\u00f6llig in Ruhe gelassen hat,\u00a0 seltene wundersch\u00f6ne Pflanzen angesiedelt, die ich nicht glaubte, noch einmal zu Gesicht zu bekommen. Unter anderem Natternkopf und K\u00f6nigskerze. Ein kleines Paradies ist entstanden, weil meine lieben Zeitgenossen ( noch)\u00a0 kein Interesse an dem St\u00fcck Erde bekundet haben. Was beweist, dass Natur sich sehr wohl regerieren kann, wenn wir sie denn v\u00f6llig in Ruhe lassen!<\/p>\n<p style=\"text-align: center;\"><a href=\"http:\/\/http:\/\/de.wikipedia.org\/wiki\/Natternk%C3%B6pfe\">http:\/\/de.wikipedia.org\/wiki\/Natternk%C3%B6pfe<\/a><\/p>\n","protected":false},"excerpt":{"rendered":"<p>&#8230;dies ist nicht Teil eines angelegten Gartens, sondern pure Natur und sie befindet sich nicht irgendwo au\u00dferhalb Bremens, sondern mittendrin auf einer sogenannten Brache im Hafenbereich. Auf einem unbebauten St\u00fcck ziemlich steiniger Erde haben sich, weil der Mensch es v\u00f6llig in Ruhe gelassen hat,\u00a0 seltene wundersch\u00f6ne Pflanzen angesiedelt, die ich nicht glaubte, noch einmal zu Gesicht zu bekommen. Unter anderem Natternkopf und K\u00f6nigskerze. Ein kleines Paradies ist entstanden, weil meine lieben Zeitgenossen ( noch)\u00a0 kein Interesse an dem St\u00fcck Erde bekundet haben. Was beweist, dass Natur sich sehr wohl regerieren kann, wenn wir sie denn v\u00f6llig in Ruhe lassen! http:\/\/de.wikipedia.org\/wiki\/Natternk%C3%B6pfe<\/p>\n","protected":false},"author":1,"featured_media":0,"comment_status":"open","ping_status":"open","sticky":false,"template":"","format":"standard","meta":{"footnotes":""},"categories":[22,26,42],"tags":[],"jetpack_featured_media_url":"","_links":{"self":[{"href":"http:\/\/www.kunstgalerie-barbara.de\/blog\/wp-json\/wp\/v2\/posts\/10306"}],"collection":[{"href":"http:\/\/www.kunstgalerie-barbara.de\/blog\/wp-json\/wp\/v2\/posts"}],"about":[{"href":"http:\/\/www.kunstgalerie-barbara.de\/blog\/wp-json\/wp\/v2\/types\/post"}],"author":[{"embeddable":true,"href":"http:\/\/www.kunstgalerie-barbara.de\/blog\/wp-json\/wp\/v2\/users\/1"}],"replies":[{"embeddable":true,"href":"http:\/\/www.kunstgalerie-barbara.de\/blog\/wp-json\/wp\/v2\/comments?post=10306"}],"version-history":[{"count":1,"href":"http:\/\/www.kunstgalerie-barbara.de\/blog\/wp-json\/wp\/v2\/posts\/10306\/revisions"}],"predecessor-version":[{"id":10316,"href":"http:\/\/www.kunstgalerie-barbara.de\/blog\/wp-json\/wp\/v2\/posts\/10306\/revisions\/10316"}],"wp:attachment":[{"href":"http:\/\/www.kunstgalerie-barbara.de\/blog\/wp-json\/wp\/v2\/media?parent=10306"}],"wp:term":[{"taxonomy":"category","embeddable":true,"href":"http:\/\/www.kunstgalerie-barbara.de\/blog\/wp-json\/wp\/v2\/categories?post=10306"},{"taxonomy":"post_tag","embeddable":true,"href":"http:\/\/www.kunstgalerie-barbara.de\/blog\/wp-json\/wp\/v2\/tags?post=10306"}],"curies":[{"name":"wp","href":"https:\/\/api.w.org\/{rel}","templated":true}]}}