{"id":10310,"date":"2012-06-05T08:22:17","date_gmt":"2012-06-05T07:22:17","guid":{"rendered":"http:\/\/www.kunstgalerie-barbara.de\/blog\/?p=10310"},"modified":"2012-06-05T08:27:11","modified_gmt":"2012-06-05T07:27:11","slug":"koenigskerzen-diese-grossen-majestaetischen-pflanzen","status":"publish","type":"post","link":"http:\/\/www.kunstgalerie-barbara.de\/blog\/2012\/06\/koenigskerzen-diese-grossen-majestaetischen-pflanzen\/","title":{"rendered":"K\u00f6nigskerzen, diese gro\u00dfen majest\u00e4tischen Pflanzen&#8230;"},"content":{"rendered":"<p style=\"text-align: center;\"><a href=\"http:\/\/www.kunstgalerie-barbara.de\/blog\/wp-content\/uploads\/2012\/06\/P1130661.jpg\"><img loading=\"lazy\" decoding=\"async\" class=\"aligncenter  wp-image-10311\" title=\"P1130661\" src=\"http:\/\/www.kunstgalerie-barbara.de\/blog\/wp-content\/uploads\/2012\/06\/P1130661.jpg\" alt=\"\" width=\"420\" height=\"560\" \/><\/a>&#8230;haben sich ebenfals dort im Bremer Hafen angesiedelt, wo Menschenhand l\u00e4ngere Zeit abwesend war! Sie sind nicht nur sch\u00f6n anzusehen, nein, sie sind auch wichtige und \u00e4u\u00dferst n\u00fctzliche Heilpflanzen<\/p>\n<p style=\"text-align: center;\"><a href=\"http:\/\/de.wikipedia.org\/wiki\/K%C3%B6nigskerzen\">http:\/\/de.wikipedia.org\/wiki\/K%C3%B6nigskerzen<\/a><\/p>\n","protected":false},"excerpt":{"rendered":"<p>&#8230;haben sich ebenfals dort im Bremer Hafen angesiedelt, wo Menschenhand l\u00e4ngere Zeit abwesend war! Sie sind nicht nur sch\u00f6n anzusehen, nein, sie sind auch wichtige und \u00e4u\u00dferst n\u00fctzliche Heilpflanzen http:\/\/de.wikipedia.org\/wiki\/K%C3%B6nigskerzen<\/p>\n","protected":false},"author":1,"featured_media":0,"comment_status":"open","ping_status":"open","sticky":false,"template":"","format":"standard","meta":{"footnotes":""},"categories":[22,26,42],"tags":[],"jetpack_featured_media_url":"","_links":{"self":[{"href":"http:\/\/www.kunstgalerie-barbara.de\/blog\/wp-json\/wp\/v2\/posts\/10310"}],"collection":[{"href":"http:\/\/www.kunstgalerie-barbara.de\/blog\/wp-json\/wp\/v2\/posts"}],"about":[{"href":"http:\/\/www.kunstgalerie-barbara.de\/blog\/wp-json\/wp\/v2\/types\/post"}],"author":[{"embeddable":true,"href":"http:\/\/www.kunstgalerie-barbara.de\/blog\/wp-json\/wp\/v2\/users\/1"}],"replies":[{"embeddable":true,"href":"http:\/\/www.kunstgalerie-barbara.de\/blog\/wp-json\/wp\/v2\/comments?post=10310"}],"version-history":[{"count":1,"href":"http:\/\/www.kunstgalerie-barbara.de\/blog\/wp-json\/wp\/v2\/posts\/10310\/revisions"}],"predecessor-version":[{"id":10313,"href":"http:\/\/www.kunstgalerie-barbara.de\/blog\/wp-json\/wp\/v2\/posts\/10310\/revisions\/10313"}],"wp:attachment":[{"href":"http:\/\/www.kunstgalerie-barbara.de\/blog\/wp-json\/wp\/v2\/media?parent=10310"}],"wp:term":[{"taxonomy":"category","embeddable":true,"href":"http:\/\/www.kunstgalerie-barbara.de\/blog\/wp-json\/wp\/v2\/categories?post=10310"},{"taxonomy":"post_tag","embeddable":true,"href":"http:\/\/www.kunstgalerie-barbara.de\/blog\/wp-json\/wp\/v2\/tags?post=10310"}],"curies":[{"name":"wp","href":"https:\/\/api.w.org\/{rel}","templated":true}]}}