{"id":10319,"date":"2012-06-06T04:25:24","date_gmt":"2012-06-06T03:25:24","guid":{"rendered":"http:\/\/www.kunstgalerie-barbara.de\/blog\/?p=10319"},"modified":"2012-06-06T04:25:24","modified_gmt":"2012-06-06T03:25:24","slug":"blick-uebers-gemuese","status":"publish","type":"post","link":"http:\/\/www.kunstgalerie-barbara.de\/blog\/2012\/06\/blick-uebers-gemuese\/","title":{"rendered":"Blick \u00fcbers Gem\u00fcse&#8230;"},"content":{"rendered":"<p style=\"text-align: center;\"><a href=\"http:\/\/www.kunstgalerie-barbara.de\/blog\/wp-content\/uploads\/2012\/06\/P1130598.jpg\"><img loading=\"lazy\" decoding=\"async\" class=\"aligncenter  wp-image-10320\" title=\"P1130598\" src=\"http:\/\/www.kunstgalerie-barbara.de\/blog\/wp-content\/uploads\/2012\/06\/P1130598.jpg\" alt=\"\" width=\"448\" height=\"336\" \/><\/a>&#8230;das wird eine \u00e4u\u00dferst leckere Gem\u00fcsepfanne mit Polenta<\/p>\n","protected":false},"excerpt":{"rendered":"<p>&#8230;das wird eine \u00e4u\u00dferst leckere Gem\u00fcsepfanne mit Polenta<\/p>\n","protected":false},"author":1,"featured_media":0,"comment_status":"open","ping_status":"open","sticky":false,"template":"","format":"standard","meta":{"footnotes":""},"categories":[19,52],"tags":[],"jetpack_featured_media_url":"","_links":{"self":[{"href":"http:\/\/www.kunstgalerie-barbara.de\/blog\/wp-json\/wp\/v2\/posts\/10319"}],"collection":[{"href":"http:\/\/www.kunstgalerie-barbara.de\/blog\/wp-json\/wp\/v2\/posts"}],"about":[{"href":"http:\/\/www.kunstgalerie-barbara.de\/blog\/wp-json\/wp\/v2\/types\/post"}],"author":[{"embeddable":true,"href":"http:\/\/www.kunstgalerie-barbara.de\/blog\/wp-json\/wp\/v2\/users\/1"}],"replies":[{"embeddable":true,"href":"http:\/\/www.kunstgalerie-barbara.de\/blog\/wp-json\/wp\/v2\/comments?post=10319"}],"version-history":[{"count":1,"href":"http:\/\/www.kunstgalerie-barbara.de\/blog\/wp-json\/wp\/v2\/posts\/10319\/revisions"}],"predecessor-version":[{"id":10321,"href":"http:\/\/www.kunstgalerie-barbara.de\/blog\/wp-json\/wp\/v2\/posts\/10319\/revisions\/10321"}],"wp:attachment":[{"href":"http:\/\/www.kunstgalerie-barbara.de\/blog\/wp-json\/wp\/v2\/media?parent=10319"}],"wp:term":[{"taxonomy":"category","embeddable":true,"href":"http:\/\/www.kunstgalerie-barbara.de\/blog\/wp-json\/wp\/v2\/categories?post=10319"},{"taxonomy":"post_tag","embeddable":true,"href":"http:\/\/www.kunstgalerie-barbara.de\/blog\/wp-json\/wp\/v2\/tags?post=10319"}],"curies":[{"name":"wp","href":"https:\/\/api.w.org\/{rel}","templated":true}]}}