{"id":10349,"date":"2012-06-10T14:20:11","date_gmt":"2012-06-10T13:20:11","guid":{"rendered":"http:\/\/www.kunstgalerie-barbara.de\/blog\/?p=10349"},"modified":"2020-03-20T06:43:24","modified_gmt":"2020-03-20T04:43:24","slug":"pellkartoffeln-mit-mediteranem-salat-und-gruener-joghurtsosse","status":"publish","type":"post","link":"http:\/\/www.kunstgalerie-barbara.de\/blog\/2012\/06\/pellkartoffeln-mit-mediteranem-salat-und-gruener-joghurtsosse\/","title":{"rendered":"Pellkartoffeln mit mediteranem Salat und gr\u00fcner Joghurtso\u00dfe"},"content":{"rendered":"<p><a href=\"http:\/\/www.kunstgalerie-barbara.de\/blog\/wp-content\/uploads\/2012\/06\/P1130485-Kopie1.jpg\"><img loading=\"lazy\" decoding=\"async\" class=\"aligncenter size-full wp-image-10350\" title=\"P1130485 Kopie\" src=\"http:\/\/www.kunstgalerie-barbara.de\/blog\/wp-content\/uploads\/2012\/06\/P1130485-Kopie1.jpg\" alt=\"\" width=\"375\" height=\"500\" srcset=\"http:\/\/www.kunstgalerie-barbara.de\/blog\/wp-content\/uploads\/2012\/06\/P1130485-Kopie1.jpg 375w, http:\/\/www.kunstgalerie-barbara.de\/blog\/wp-content\/uploads\/2012\/06\/P1130485-Kopie1-225x300.jpg 225w\" sizes=\"(max-width: 375px) 100vw, 375px\" \/><\/a><em><strong> Pellkartoffeln kann ja wohl jeder zubereiten, wenn nicht, habe ich dies irgendwo in meinen Rezepten beschrieben.<\/strong><\/em><!--more--><br \/>\n<em><strong>Gemischter Salat auch nach Gusto\u00a0 zubereiten aus Lollo Rosso, Eichblattsalat, R\u00f6mersalat, ect. Parikaschoten, Tomaten, Gurken, Oliven, Fr\u00fchlingszwiebeln, Feta, je nach Laune. Dazu \u00d6l und Zitrone.<\/strong><\/em><\/p>\n<p><em><strong>500 Gramm Naturjoghurt mit 250 Gramm Quark mischen, dazu Kr\u00e4utersalz und schwarzer geriebener Pfeffer, Koblauch nach Geschmack, etwas Raps\u00f6l,\u00a0 tiefgefrorene Kr\u00e4utermischung verr\u00fchren und zu den Pellkartoffeln und dem Salat reichen.<\/strong><\/em><\/p>\n<p><em><strong>Voila<\/strong><\/em><\/p>\n","protected":false},"excerpt":{"rendered":"<p>Pellkartoffeln kann ja wohl jeder zubereiten, wenn nicht, habe ich dies irgendwo in meinen Rezepten beschrieben.<\/p>\n","protected":false},"author":1,"featured_media":0,"comment_status":"open","ping_status":"open","sticky":false,"template":"","format":"standard","meta":{"footnotes":""},"categories":[27],"tags":[],"jetpack_featured_media_url":"","_links":{"self":[{"href":"http:\/\/www.kunstgalerie-barbara.de\/blog\/wp-json\/wp\/v2\/posts\/10349"}],"collection":[{"href":"http:\/\/www.kunstgalerie-barbara.de\/blog\/wp-json\/wp\/v2\/posts"}],"about":[{"href":"http:\/\/www.kunstgalerie-barbara.de\/blog\/wp-json\/wp\/v2\/types\/post"}],"author":[{"embeddable":true,"href":"http:\/\/www.kunstgalerie-barbara.de\/blog\/wp-json\/wp\/v2\/users\/1"}],"replies":[{"embeddable":true,"href":"http:\/\/www.kunstgalerie-barbara.de\/blog\/wp-json\/wp\/v2\/comments?post=10349"}],"version-history":[{"count":1,"href":"http:\/\/www.kunstgalerie-barbara.de\/blog\/wp-json\/wp\/v2\/posts\/10349\/revisions"}],"predecessor-version":[{"id":21385,"href":"http:\/\/www.kunstgalerie-barbara.de\/blog\/wp-json\/wp\/v2\/posts\/10349\/revisions\/21385"}],"wp:attachment":[{"href":"http:\/\/www.kunstgalerie-barbara.de\/blog\/wp-json\/wp\/v2\/media?parent=10349"}],"wp:term":[{"taxonomy":"category","embeddable":true,"href":"http:\/\/www.kunstgalerie-barbara.de\/blog\/wp-json\/wp\/v2\/categories?post=10349"},{"taxonomy":"post_tag","embeddable":true,"href":"http:\/\/www.kunstgalerie-barbara.de\/blog\/wp-json\/wp\/v2\/tags?post=10349"}],"curies":[{"name":"wp","href":"https:\/\/api.w.org\/{rel}","templated":true}]}}