{"id":10365,"date":"2012-06-13T07:23:11","date_gmt":"2012-06-13T06:23:11","guid":{"rendered":"http:\/\/www.kunstgalerie-barbara.de\/blog\/?p=10365"},"modified":"2012-06-13T16:57:04","modified_gmt":"2012-06-13T15:57:04","slug":"sperrmuell","status":"publish","type":"post","link":"http:\/\/www.kunstgalerie-barbara.de\/blog\/2012\/06\/sperrmuell\/","title":{"rendered":"Sperrm\u00fcll"},"content":{"rendered":"<p style=\"text-align: center;\"><a href=\"http:\/\/www.kunstgalerie-barbara.de\/blog\/wp-content\/uploads\/2012\/06\/P1130967-Kopie.jpg\"><img loading=\"lazy\" decoding=\"async\" class=\"aligncenter  wp-image-10367\" title=\"P1130967 Kopie\" src=\"http:\/\/www.kunstgalerie-barbara.de\/blog\/wp-content\/uploads\/2012\/06\/P1130967-Kopie.jpg\" alt=\"\" width=\"424\" height=\"318\" srcset=\"http:\/\/www.kunstgalerie-barbara.de\/blog\/wp-content\/uploads\/2012\/06\/P1130967-Kopie.jpg 550w, http:\/\/www.kunstgalerie-barbara.de\/blog\/wp-content\/uploads\/2012\/06\/P1130967-Kopie-300x225.jpg 300w\" sizes=\"(max-width: 424px) 100vw, 424px\" \/><\/a>Es gibt zwei M\u00f6belst\u00fccke in\u00a0 unserem Haus, die vom sogenannten Sperrm\u00fcll stammen. Es sind Weichholzkomoden. Wir sahen sie vor beinahe drei\u00dfig Jahren auf der Stra\u00dfe stehen und wunderten uns sehr, da\u00df sie weggeworfen werden sollten. <!--more-->Ehe sie uns jemand wegschnappen konnte, schleppten wir sie in unsere neue Behausung, beizten sie m\u00fchselig ab, entfernten viele Schichten Lack und heraus kamen \u00e4u\u00dferst attraktive M\u00f6belst\u00fccke. Nachdem sie lasiert waren,\u00a0 war endg\u00fcltig klar, wir hatten Sch\u00e4tze ergattert.<br \/>\nDie Zeit der Sperrm\u00fcll-Schatzsuche nach Antiquit\u00e4ten ist l\u00e4ngst vorbei. \u00dcber das, was da heutzutage ausgesondert wird, machen sich nur noch ganz hartn\u00e4ckige Spezialisten her, die beispielsweise Altmetalle zu Geld machen wollen. Von dem was da heute Sperrm\u00fcll genannt wird, ist leider kaum noch etwas wert erhalten oder aufgem\u00f6belt zu werden.<\/p>\n","protected":false},"excerpt":{"rendered":"<p>Es gibt zwei M\u00f6belst\u00fccke in\u00a0 unserem Haus, die vom sogenannten Sperrm\u00fcll stammen. Es sind Weichholzkomoden. Wir sahen sie vor beinahe drei\u00dfig Jahren auf der Stra\u00dfe stehen und wunderten uns sehr, da\u00df sie weggeworfen werden sollten.<\/p>\n","protected":false},"author":1,"featured_media":0,"comment_status":"open","ping_status":"open","sticky":false,"template":"","format":"standard","meta":{"footnotes":""},"categories":[22],"tags":[],"jetpack_featured_media_url":"","_links":{"self":[{"href":"http:\/\/www.kunstgalerie-barbara.de\/blog\/wp-json\/wp\/v2\/posts\/10365"}],"collection":[{"href":"http:\/\/www.kunstgalerie-barbara.de\/blog\/wp-json\/wp\/v2\/posts"}],"about":[{"href":"http:\/\/www.kunstgalerie-barbara.de\/blog\/wp-json\/wp\/v2\/types\/post"}],"author":[{"embeddable":true,"href":"http:\/\/www.kunstgalerie-barbara.de\/blog\/wp-json\/wp\/v2\/users\/1"}],"replies":[{"embeddable":true,"href":"http:\/\/www.kunstgalerie-barbara.de\/blog\/wp-json\/wp\/v2\/comments?post=10365"}],"version-history":[{"count":1,"href":"http:\/\/www.kunstgalerie-barbara.de\/blog\/wp-json\/wp\/v2\/posts\/10365\/revisions"}],"predecessor-version":[{"id":10371,"href":"http:\/\/www.kunstgalerie-barbara.de\/blog\/wp-json\/wp\/v2\/posts\/10365\/revisions\/10371"}],"wp:attachment":[{"href":"http:\/\/www.kunstgalerie-barbara.de\/blog\/wp-json\/wp\/v2\/media?parent=10365"}],"wp:term":[{"taxonomy":"category","embeddable":true,"href":"http:\/\/www.kunstgalerie-barbara.de\/blog\/wp-json\/wp\/v2\/categories?post=10365"},{"taxonomy":"post_tag","embeddable":true,"href":"http:\/\/www.kunstgalerie-barbara.de\/blog\/wp-json\/wp\/v2\/tags?post=10365"}],"curies":[{"name":"wp","href":"https:\/\/api.w.org\/{rel}","templated":true}]}}