{"id":10379,"date":"2012-06-16T16:12:29","date_gmt":"2012-06-16T15:12:29","guid":{"rendered":"http:\/\/www.kunstgalerie-barbara.de\/blog\/?p=10379"},"modified":"2012-06-16T16:12:58","modified_gmt":"2012-06-16T15:12:58","slug":"trickserei","status":"publish","type":"post","link":"http:\/\/www.kunstgalerie-barbara.de\/blog\/2012\/06\/trickserei\/","title":{"rendered":"Trickserei"},"content":{"rendered":"<p><a href=\"http:\/\/www.kunstgalerie-barbara.de\/blog\/wp-content\/uploads\/2012\/06\/P1130972.jpg\"><img loading=\"lazy\" decoding=\"async\" class=\"aligncenter  wp-image-10380\" title=\"P1130972\" src=\"http:\/\/www.kunstgalerie-barbara.de\/blog\/wp-content\/uploads\/2012\/06\/P1130972.jpg\" alt=\"\" width=\"392\" height=\"294\" \/><\/a>Eines Abends stand pl\u00f6tzlich Sperrm\u00fcll vor uns und darunter auch ein gar nicht so \u00fcbler Ohrensessel. Mein Begleiter bot sich in einem Anfall von Todesmut an, den Sessel in meine Wohnung zu schleppen. Da ich den Sessel jedoch nicht wollte, sagte ich nein. Hinterher checkte ich erst, wozu ich nein gesagt hatte. Die Gelegenheit war ungenutzt verstrichen.<\/p>\n<p>Wer die Geschichte zu Ende lesen m\u00f6chte, kann dies in meinem Buch<\/p>\n<p><em><strong>Der Kotzbrocken tun!<\/strong><\/em><\/p>\n<p>Mit einem Click\u00a0 auf das entsprechende Cover sind sie im Buchshop und k\u00f6nnen<br \/>\ndas Buch erstehen !<\/p>\n","protected":false},"excerpt":{"rendered":"<p>Eines Abends stand pl\u00f6tzlich Sperrm\u00fcll vor uns und darunter auch ein gar nicht so \u00fcbler Ohrensessel. Mein Begleiter bot sich in einem Anfall von Todesmut an, den Sessel in meine Wohnung zu schleppen. Da ich den Sessel jedoch nicht wollte, sagte ich nein. Hinterher checkte ich erst, wozu ich nein gesagt hatte. Die Gelegenheit war ungenutzt verstrichen. Wer die Geschichte zu Ende lesen m\u00f6chte, kann dies in meinem Buch Der Kotzbrocken tun! Mit einem Click\u00a0 auf das entsprechende Cover sind sie im Buchshop und k\u00f6nnen das Buch erstehen !<\/p>\n","protected":false},"author":1,"featured_media":0,"comment_status":"open","ping_status":"open","sticky":false,"template":"","format":"standard","meta":{"footnotes":""},"categories":[15],"tags":[],"jetpack_featured_media_url":"","_links":{"self":[{"href":"http:\/\/www.kunstgalerie-barbara.de\/blog\/wp-json\/wp\/v2\/posts\/10379"}],"collection":[{"href":"http:\/\/www.kunstgalerie-barbara.de\/blog\/wp-json\/wp\/v2\/posts"}],"about":[{"href":"http:\/\/www.kunstgalerie-barbara.de\/blog\/wp-json\/wp\/v2\/types\/post"}],"author":[{"embeddable":true,"href":"http:\/\/www.kunstgalerie-barbara.de\/blog\/wp-json\/wp\/v2\/users\/1"}],"replies":[{"embeddable":true,"href":"http:\/\/www.kunstgalerie-barbara.de\/blog\/wp-json\/wp\/v2\/comments?post=10379"}],"version-history":[{"count":1,"href":"http:\/\/www.kunstgalerie-barbara.de\/blog\/wp-json\/wp\/v2\/posts\/10379\/revisions"}],"predecessor-version":[{"id":10382,"href":"http:\/\/www.kunstgalerie-barbara.de\/blog\/wp-json\/wp\/v2\/posts\/10379\/revisions\/10382"}],"wp:attachment":[{"href":"http:\/\/www.kunstgalerie-barbara.de\/blog\/wp-json\/wp\/v2\/media?parent=10379"}],"wp:term":[{"taxonomy":"category","embeddable":true,"href":"http:\/\/www.kunstgalerie-barbara.de\/blog\/wp-json\/wp\/v2\/categories?post=10379"},{"taxonomy":"post_tag","embeddable":true,"href":"http:\/\/www.kunstgalerie-barbara.de\/blog\/wp-json\/wp\/v2\/tags?post=10379"}],"curies":[{"name":"wp","href":"https:\/\/api.w.org\/{rel}","templated":true}]}}