{"id":10385,"date":"2012-06-17T06:48:08","date_gmt":"2012-06-17T05:48:08","guid":{"rendered":"http:\/\/www.kunstgalerie-barbara.de\/blog\/?p=10385"},"modified":"2012-06-17T13:52:19","modified_gmt":"2012-06-17T12:52:19","slug":"es-wirkt-witzig","status":"publish","type":"post","link":"http:\/\/www.kunstgalerie-barbara.de\/blog\/2012\/06\/es-wirkt-witzig\/","title":{"rendered":"Es wirkt witzig&#8230;"},"content":{"rendered":"<p style=\"text-align: center;\"><a href=\"http:\/\/www.kunstgalerie-barbara.de\/blog\/wp-content\/uploads\/2012\/06\/P1140326-Kopie.jpg\"><img loading=\"lazy\" decoding=\"async\" class=\"aligncenter  wp-image-10387\" title=\"P1140326 Kopie\" src=\"http:\/\/www.kunstgalerie-barbara.de\/blog\/wp-content\/uploads\/2012\/06\/P1140326-Kopie.jpg\" alt=\"\" width=\"450\" height=\"600\" srcset=\"http:\/\/www.kunstgalerie-barbara.de\/blog\/wp-content\/uploads\/2012\/06\/P1140326-Kopie.jpg 500w, http:\/\/www.kunstgalerie-barbara.de\/blog\/wp-content\/uploads\/2012\/06\/P1140326-Kopie-224x300.jpg 224w\" sizes=\"(max-width: 450px) 100vw, 450px\" \/><\/a>&#8230;aber ist es das wirklich oder nur im Moment ganz legal ausge\u00fcbter Nationalismus, so wie die Schwarz Rot Gold-F\u00e4hnchen an den PKWs, etwas gr\u00f6\u00dfer in den Fenstern, in Schreberg\u00e4rten und Vorg\u00e4rten ect, ect ?<\/p>\n","protected":false},"excerpt":{"rendered":"<p>&#8230;aber ist es das wirklich oder nur im Moment ganz legal ausge\u00fcbter Nationalismus, so wie die Schwarz Rot Gold-F\u00e4hnchen an den PKWs, etwas gr\u00f6\u00dfer in den Fenstern, in Schreberg\u00e4rten und Vorg\u00e4rten ect, ect ?<\/p>\n","protected":false},"author":1,"featured_media":0,"comment_status":"open","ping_status":"open","sticky":false,"template":"","format":"standard","meta":{"footnotes":""},"categories":[22,42],"tags":[],"jetpack_featured_media_url":"","_links":{"self":[{"href":"http:\/\/www.kunstgalerie-barbara.de\/blog\/wp-json\/wp\/v2\/posts\/10385"}],"collection":[{"href":"http:\/\/www.kunstgalerie-barbara.de\/blog\/wp-json\/wp\/v2\/posts"}],"about":[{"href":"http:\/\/www.kunstgalerie-barbara.de\/blog\/wp-json\/wp\/v2\/types\/post"}],"author":[{"embeddable":true,"href":"http:\/\/www.kunstgalerie-barbara.de\/blog\/wp-json\/wp\/v2\/users\/1"}],"replies":[{"embeddable":true,"href":"http:\/\/www.kunstgalerie-barbara.de\/blog\/wp-json\/wp\/v2\/comments?post=10385"}],"version-history":[{"count":1,"href":"http:\/\/www.kunstgalerie-barbara.de\/blog\/wp-json\/wp\/v2\/posts\/10385\/revisions"}],"predecessor-version":[{"id":10390,"href":"http:\/\/www.kunstgalerie-barbara.de\/blog\/wp-json\/wp\/v2\/posts\/10385\/revisions\/10390"}],"wp:attachment":[{"href":"http:\/\/www.kunstgalerie-barbara.de\/blog\/wp-json\/wp\/v2\/media?parent=10385"}],"wp:term":[{"taxonomy":"category","embeddable":true,"href":"http:\/\/www.kunstgalerie-barbara.de\/blog\/wp-json\/wp\/v2\/categories?post=10385"},{"taxonomy":"post_tag","embeddable":true,"href":"http:\/\/www.kunstgalerie-barbara.de\/blog\/wp-json\/wp\/v2\/tags?post=10385"}],"curies":[{"name":"wp","href":"https:\/\/api.w.org\/{rel}","templated":true}]}}