{"id":1043,"date":"2009-01-21T12:04:30","date_gmt":"2009-01-21T11:04:30","guid":{"rendered":"http:\/\/www.kunstgalerie-barbara.de\/blog\/?p=1043"},"modified":"2022-10-30T13:26:52","modified_gmt":"2022-10-30T11:26:52","slug":"die-duft-spur","status":"publish","type":"post","link":"http:\/\/www.kunstgalerie-barbara.de\/blog\/2009\/01\/die-duft-spur\/","title":{"rendered":"Die Duft-Spur?"},"content":{"rendered":"<p><img decoding=\"async\" class=\"aligncenter size-full wp-image-1042\" title=\"71362328\" src=\"http:\/\/www.kunstgalerie-barbara.de\/blog\/wp-content\/uploads\/2009\/01\/71362328.jpg\" alt=\"71362328\" \/><\/p>\n<p>Vor dem ebenerdigen Eingang einer Tierarztpraxis, der sich in unmittelbarer Nachbarschaft eines Supermarktes befindet, beobachtete ich,\u00a0 gerade dabei mir einen Einkaufswagen zu sichern, einen goldenen Retriver mit Frauchen am anderen Ende der Leine. Das Tier strebte in einer nicht zu \u00fcberbietenden Zielstrebigkeit in Richtung Tierarztpraxis. Der Hund zog wie der Teufel und das arme Frauchen hatte grosse M\u00fche ihm stolpernd zu folgen. Direkt vor dem Praxiseingang konnte er sich vor Eifer kaum noch halten,<!--more--> er schnupperte, kratzte und winselte, um zum Ziel seiner W\u00fcnsche zu gelangen. Donnerwetter, dachte ich, der hat es aber eilig behandelt zu werden. Der armen Frau am anderen Ende der Leine blieb nichts weiter \u00fcbrig, als ihrem Vierbeiner zu folgen. Beide verschwanden in der Praxis, um kurze Zeit sp\u00e4ter wieder vor der T\u00fcr aufzutauchen. Was war passiert? Ich sprach die augenscheinlich sichtlich genervte Frau an und fragte h\u00f6chst interessiert, ob die Behandlung schon zu Ende sei? Nein, meinte die Dame \u00fcberhaupt nicht am\u00fcsiert, sie h\u00e4tten gar keinen Arzttermin gehabt, nur ihr Retriver h\u00e4tte sich in den Kopf gesetzt seinen behandenden Arzt zu besuchen. Immer wenn sie auf ihrem Gassigang an der Praxis vorbeik\u00e4men, spielte sich \u00c4hnliches ab.<br \/>\nEinige Zeit zuvor hatte ich schon mal eine \u00e4hnliche Szene\u00a0 beobachten k\u00f6nnen, vor genau ebendieser Praxis. Auch da hatte ein Hund mit aller Kraft versucht in dieselbe zu gelangen und seine Besitzerin auch vergeblich versucht, es ihm nicht gleich zu tun.<br \/>\nBeim ersten Mal konnte man vielleicht noch von Zufall sprechen, beim zweiten Mal wohl kaum noch. Was geschehen dort f\u00fcr geheimnisvolle Dinge, von denen nur Hunde zu wissen scheinen, nicht aber ihre Besitzer? Haben die beiden Tierdoktoren eine Duftspur\u00a0 angelegt, um auf diese ungew\u00f6hnliche Weise zu Patienten zu kommen, weil es ihnen daran mangelt? Vielleicht aber erinnern sich die Hunde nur ganz profan irgendwelcher Leckerlis, die sie einmal w\u00e4hrend der Behandlung bekommen haben.<\/p>\n","protected":false},"excerpt":{"rendered":"<p>Vor dem ebenerdigen Eingang einer Tierarztpraxis, der sich in unmittelbarer Nachbarschaft eines Supermarktes befindet, beobachtete ich,\u00a0 gerade dabei mir einen Einkaufswagen zu sichern, einen goldenen Retriver mit Frauchen am anderen Ende der Leine. Das Tier strebte in einer nicht zu \u00fcberbietenden Zielstrebigkeit in Richtung Tierarztpraxis. Der Hund zog wie der Teufel und das arme Frauchen hatte grosse M\u00fche ihm stolpernd zu folgen. Direkt vor dem Praxiseingang konnte er sich vor Eifer kaum noch halten,<\/p>\n","protected":false},"author":1,"featured_media":0,"comment_status":"open","ping_status":"open","sticky":false,"template":"","format":"standard","meta":{"footnotes":""},"categories":[22],"tags":[],"jetpack_featured_media_url":"","_links":{"self":[{"href":"http:\/\/www.kunstgalerie-barbara.de\/blog\/wp-json\/wp\/v2\/posts\/1043"}],"collection":[{"href":"http:\/\/www.kunstgalerie-barbara.de\/blog\/wp-json\/wp\/v2\/posts"}],"about":[{"href":"http:\/\/www.kunstgalerie-barbara.de\/blog\/wp-json\/wp\/v2\/types\/post"}],"author":[{"embeddable":true,"href":"http:\/\/www.kunstgalerie-barbara.de\/blog\/wp-json\/wp\/v2\/users\/1"}],"replies":[{"embeddable":true,"href":"http:\/\/www.kunstgalerie-barbara.de\/blog\/wp-json\/wp\/v2\/comments?post=1043"}],"version-history":[{"count":3,"href":"http:\/\/www.kunstgalerie-barbara.de\/blog\/wp-json\/wp\/v2\/posts\/1043\/revisions"}],"predecessor-version":[{"id":23321,"href":"http:\/\/www.kunstgalerie-barbara.de\/blog\/wp-json\/wp\/v2\/posts\/1043\/revisions\/23321"}],"wp:attachment":[{"href":"http:\/\/www.kunstgalerie-barbara.de\/blog\/wp-json\/wp\/v2\/media?parent=1043"}],"wp:term":[{"taxonomy":"category","embeddable":true,"href":"http:\/\/www.kunstgalerie-barbara.de\/blog\/wp-json\/wp\/v2\/categories?post=1043"},{"taxonomy":"post_tag","embeddable":true,"href":"http:\/\/www.kunstgalerie-barbara.de\/blog\/wp-json\/wp\/v2\/tags?post=1043"}],"curies":[{"name":"wp","href":"https:\/\/api.w.org\/{rel}","templated":true}]}}