{"id":10447,"date":"2012-06-28T09:15:49","date_gmt":"2012-06-28T08:15:49","guid":{"rendered":"http:\/\/www.kunstgalerie-barbara.de\/blog\/?p=10447"},"modified":"2012-06-28T09:17:00","modified_gmt":"2012-06-28T08:17:00","slug":"wasserverschwendung","status":"publish","type":"post","link":"http:\/\/www.kunstgalerie-barbara.de\/blog\/2012\/06\/wasserverschwendung\/","title":{"rendered":"Wasserverschwendung&#8230;"},"content":{"rendered":"<p style=\"text-align: center;\"><a href=\"http:\/\/www.kunstgalerie-barbara.de\/blog\/wp-content\/uploads\/2012\/06\/P1140078-Kopie.jpg\"><img loading=\"lazy\" decoding=\"async\" class=\"aligncenter  wp-image-10449\" title=\"P1140078 Kopie\" src=\"http:\/\/www.kunstgalerie-barbara.de\/blog\/wp-content\/uploads\/2012\/06\/P1140078-Kopie.jpg\" alt=\"\" width=\"446\" height=\"335\" srcset=\"http:\/\/www.kunstgalerie-barbara.de\/blog\/wp-content\/uploads\/2012\/06\/P1140078-Kopie.jpg 550w, http:\/\/www.kunstgalerie-barbara.de\/blog\/wp-content\/uploads\/2012\/06\/P1140078-Kopie-300x225.jpg 300w\" sizes=\"(max-width: 446px) 100vw, 446px\" \/><\/a>&#8230;im h\u00f6chsten Ma\u00dfe wird hier betrieben, um Azaleen f\u00fcr den Konsumenten herzustellen! Trinkwasser f\u00fcr das wir Kleinabnehmer unendlich mehr zu zahlen haben. M\u00fc\u00dften Gartenbaubetriebe wie dieser hier, denselben Preis f\u00fcr den Kubikmeter Trinkwasser bezahlen, w\u00e4ren die Azaleen f\u00fcr den K\u00e4ufer unbezahlbar.<\/p>\n","protected":false},"excerpt":{"rendered":"<p>&#8230;im h\u00f6chsten Ma\u00dfe wird hier betrieben, um Azaleen f\u00fcr den Konsumenten herzustellen! Trinkwasser f\u00fcr das wir Kleinabnehmer unendlich mehr zu zahlen haben. M\u00fc\u00dften Gartenbaubetriebe wie dieser hier, denselben Preis f\u00fcr den Kubikmeter Trinkwasser bezahlen, w\u00e4ren die Azaleen f\u00fcr den K\u00e4ufer unbezahlbar.<\/p>\n","protected":false},"author":1,"featured_media":0,"comment_status":"open","ping_status":"open","sticky":false,"template":"","format":"standard","meta":{"footnotes":""},"categories":[42,19,40],"tags":[],"jetpack_featured_media_url":"","_links":{"self":[{"href":"http:\/\/www.kunstgalerie-barbara.de\/blog\/wp-json\/wp\/v2\/posts\/10447"}],"collection":[{"href":"http:\/\/www.kunstgalerie-barbara.de\/blog\/wp-json\/wp\/v2\/posts"}],"about":[{"href":"http:\/\/www.kunstgalerie-barbara.de\/blog\/wp-json\/wp\/v2\/types\/post"}],"author":[{"embeddable":true,"href":"http:\/\/www.kunstgalerie-barbara.de\/blog\/wp-json\/wp\/v2\/users\/1"}],"replies":[{"embeddable":true,"href":"http:\/\/www.kunstgalerie-barbara.de\/blog\/wp-json\/wp\/v2\/comments?post=10447"}],"version-history":[{"count":1,"href":"http:\/\/www.kunstgalerie-barbara.de\/blog\/wp-json\/wp\/v2\/posts\/10447\/revisions"}],"predecessor-version":[{"id":10451,"href":"http:\/\/www.kunstgalerie-barbara.de\/blog\/wp-json\/wp\/v2\/posts\/10447\/revisions\/10451"}],"wp:attachment":[{"href":"http:\/\/www.kunstgalerie-barbara.de\/blog\/wp-json\/wp\/v2\/media?parent=10447"}],"wp:term":[{"taxonomy":"category","embeddable":true,"href":"http:\/\/www.kunstgalerie-barbara.de\/blog\/wp-json\/wp\/v2\/categories?post=10447"},{"taxonomy":"post_tag","embeddable":true,"href":"http:\/\/www.kunstgalerie-barbara.de\/blog\/wp-json\/wp\/v2\/tags?post=10447"}],"curies":[{"name":"wp","href":"https:\/\/api.w.org\/{rel}","templated":true}]}}