{"id":10478,"date":"2012-07-03T17:25:03","date_gmt":"2012-07-03T16:25:03","guid":{"rendered":"http:\/\/www.kunstgalerie-barbara.de\/blog\/?p=10478"},"modified":"2012-07-03T17:32:15","modified_gmt":"2012-07-03T16:32:15","slug":"es-gibt-uebrigens-eine-aeusserst-effektive-alternative-zum-erdoel-das-langsam-knapp-wird","status":"publish","type":"post","link":"http:\/\/www.kunstgalerie-barbara.de\/blog\/2012\/07\/es-gibt-uebrigens-eine-aeusserst-effektive-alternative-zum-erdoel-das-langsam-knapp-wird\/","title":{"rendered":"Es gibt \u00fcbrigens eine \u00e4u\u00dferst effektive Alternative zum Erd\u00f6l, das langsam knapp wird&#8230;"},"content":{"rendered":"<p>&#8230;und das ist Wasserstoff !!!! Autos mit diesem Antrieb werden bereits von Daimler Benz konstruiert und getestet. Ein Riesenproblem wird es allerdings mit der fl\u00e4chendeckenden Versorgung mit Wasserstoff geben, sollten diese Autos tats\u00e4chlich in Serie gehen !<br \/>\nDie Erd\u00f6lkonzerne werden wohl kaum zulassen, dass an ihren Tankstellen dieser Konkurenztreibstoff verkauft wird.<\/p>\n<p><a href=\"http:\/\/www.n-tv.de\/auto\/Mit-Volldampf-in-die-Sackgasse-article3593226.html\">http:\/\/www.n-tv.de\/auto\/Mit-Volldampf-in-die-Sackgasse-article3593226.html<\/a><\/p>\n","protected":false},"excerpt":{"rendered":"<p>&#8230;und das ist Wasserstoff !!!! Autos mit diesem Antrieb werden bereits von Daimler Benz konstruiert und getestet. Ein Riesenproblem wird es allerdings mit der fl\u00e4chendeckenden Versorgung mit Wasserstoff geben, sollten diese Autos tats\u00e4chlich in Serie gehen ! Die Erd\u00f6lkonzerne werden wohl kaum zulassen, dass an ihren Tankstellen dieser Konkurenztreibstoff verkauft wird. http:\/\/www.n-tv.de\/auto\/Mit-Volldampf-in-die-Sackgasse-article3593226.html<\/p>\n","protected":false},"author":1,"featured_media":0,"comment_status":"open","ping_status":"open","sticky":false,"template":"","format":"standard","meta":{"footnotes":""},"categories":[42,40],"tags":[],"jetpack_featured_media_url":"","_links":{"self":[{"href":"http:\/\/www.kunstgalerie-barbara.de\/blog\/wp-json\/wp\/v2\/posts\/10478"}],"collection":[{"href":"http:\/\/www.kunstgalerie-barbara.de\/blog\/wp-json\/wp\/v2\/posts"}],"about":[{"href":"http:\/\/www.kunstgalerie-barbara.de\/blog\/wp-json\/wp\/v2\/types\/post"}],"author":[{"embeddable":true,"href":"http:\/\/www.kunstgalerie-barbara.de\/blog\/wp-json\/wp\/v2\/users\/1"}],"replies":[{"embeddable":true,"href":"http:\/\/www.kunstgalerie-barbara.de\/blog\/wp-json\/wp\/v2\/comments?post=10478"}],"version-history":[{"count":1,"href":"http:\/\/www.kunstgalerie-barbara.de\/blog\/wp-json\/wp\/v2\/posts\/10478\/revisions"}],"predecessor-version":[{"id":10482,"href":"http:\/\/www.kunstgalerie-barbara.de\/blog\/wp-json\/wp\/v2\/posts\/10478\/revisions\/10482"}],"wp:attachment":[{"href":"http:\/\/www.kunstgalerie-barbara.de\/blog\/wp-json\/wp\/v2\/media?parent=10478"}],"wp:term":[{"taxonomy":"category","embeddable":true,"href":"http:\/\/www.kunstgalerie-barbara.de\/blog\/wp-json\/wp\/v2\/categories?post=10478"},{"taxonomy":"post_tag","embeddable":true,"href":"http:\/\/www.kunstgalerie-barbara.de\/blog\/wp-json\/wp\/v2\/tags?post=10478"}],"curies":[{"name":"wp","href":"https:\/\/api.w.org\/{rel}","templated":true}]}}