{"id":10534,"date":"2012-07-18T05:42:41","date_gmt":"2012-07-18T04:42:41","guid":{"rendered":"http:\/\/www.kunstgalerie-barbara.de\/blog\/?p=10534"},"modified":"2012-07-27T08:19:59","modified_gmt":"2012-07-27T07:19:59","slug":"rinder-sind-nicht-nur-milch-und-fleischfabrikanten","status":"publish","type":"post","link":"http:\/\/www.kunstgalerie-barbara.de\/blog\/2012\/07\/rinder-sind-nicht-nur-milch-und-fleischfabrikanten\/","title":{"rendered":"Rinder sind nicht ausschlie\u00dflich Milch und Fleischfabrikanten&#8230;"},"content":{"rendered":"<p style=\"text-align: center;\">\u00a0<a href=\"http:\/\/www.kunstgalerie-barbara.de\/blog\/wp-content\/uploads\/2012\/07\/P1010684.jpg\"><img loading=\"lazy\" decoding=\"async\" class=\"aligncenter  wp-image-10536\" title=\"P1010684\" src=\"http:\/\/www.kunstgalerie-barbara.de\/blog\/wp-content\/uploads\/2012\/07\/P1010684-884x1024.jpg\" alt=\"\" width=\"413\" height=\"478\" srcset=\"http:\/\/www.kunstgalerie-barbara.de\/blog\/wp-content\/uploads\/2012\/07\/P1010684-884x1024.jpg 884w, http:\/\/www.kunstgalerie-barbara.de\/blog\/wp-content\/uploads\/2012\/07\/P1010684-259x300.jpg 259w\" sizes=\"(max-width: 413px) 100vw, 413px\" \/><\/a><\/p>\n<p>\u00a0&#8230; sie haben eine Seele und auch Verstand, obwohl man ihnen dies nicht zugestehen m\u00f6chte, denn es ist nicht so leicht Wesen zu t\u00f6ten, von denen man wei\u00df, dass sie wissen, was man mit ihnen tut !!!!!!!!!!!!!<\/p>\n<p><strong>Verzweifelte Mutterliebe<br \/>\n<\/strong><strong>24.06.2012<\/strong><\/p>\n<p>Eine Kuh versteckte ihr Kalb vor einem Landwirt, um es selbst zu s\u00e4ugen. Diese Geschichte einer Tier\u00e4rztin \u00fcber die Liebe einer Mutter zeigt eindrucksvoll, wozu K\u00fche in der Lage sind.<\/p>\n<p>Weiter lesen: <a href=\"https:\/\/www.vebu.de\/tiere-a-ethik\/tiere-und-tierhaltung\/1321-mutterliebe-macht-erfinderisch?utm_source=newsletter12-06-24&amp;utm_medium=email&amp;utm_campaign=mutterliebe\">https:\/\/www.vebu.de\/tiere-a-ethik\/tiere-und-tierhaltung\/1321-mutterliebe-macht-erfinderisch?utm_source=newsletter12-06-24&amp;utm_medium=email&amp;utm_campaign=mutterliebe<\/a><\/p>\n","protected":false},"excerpt":{"rendered":"<p>\u00a0 \u00a0&#8230; sie haben eine Seele und auch Verstand, obwohl man ihnen dies nicht zugestehen m\u00f6chte, denn es ist nicht so leicht Wesen zu t\u00f6ten, von denen man wei\u00df, dass sie wissen, was man mit ihnen tut !!!!!!!!!!!!! Verzweifelte Mutterliebe 24.06.2012 Eine Kuh versteckte ihr Kalb vor einem Landwirt, um es selbst zu s\u00e4ugen. Diese Geschichte einer Tier\u00e4rztin \u00fcber die Liebe einer Mutter zeigt eindrucksvoll, wozu K\u00fche in der Lage sind. Weiter lesen: https:\/\/www.vebu.de\/tiere-a-ethik\/tiere-und-tierhaltung\/1321-mutterliebe-macht-erfinderisch?utm_source=newsletter12-06-24&amp;utm_medium=email&amp;utm_campaign=mutterliebe<\/p>\n","protected":false},"author":1,"featured_media":0,"comment_status":"open","ping_status":"open","sticky":false,"template":"","format":"standard","meta":{"footnotes":""},"categories":[42,40],"tags":[],"jetpack_featured_media_url":"","_links":{"self":[{"href":"http:\/\/www.kunstgalerie-barbara.de\/blog\/wp-json\/wp\/v2\/posts\/10534"}],"collection":[{"href":"http:\/\/www.kunstgalerie-barbara.de\/blog\/wp-json\/wp\/v2\/posts"}],"about":[{"href":"http:\/\/www.kunstgalerie-barbara.de\/blog\/wp-json\/wp\/v2\/types\/post"}],"author":[{"embeddable":true,"href":"http:\/\/www.kunstgalerie-barbara.de\/blog\/wp-json\/wp\/v2\/users\/1"}],"replies":[{"embeddable":true,"href":"http:\/\/www.kunstgalerie-barbara.de\/blog\/wp-json\/wp\/v2\/comments?post=10534"}],"version-history":[{"count":1,"href":"http:\/\/www.kunstgalerie-barbara.de\/blog\/wp-json\/wp\/v2\/posts\/10534\/revisions"}],"predecessor-version":[{"id":10592,"href":"http:\/\/www.kunstgalerie-barbara.de\/blog\/wp-json\/wp\/v2\/posts\/10534\/revisions\/10592"}],"wp:attachment":[{"href":"http:\/\/www.kunstgalerie-barbara.de\/blog\/wp-json\/wp\/v2\/media?parent=10534"}],"wp:term":[{"taxonomy":"category","embeddable":true,"href":"http:\/\/www.kunstgalerie-barbara.de\/blog\/wp-json\/wp\/v2\/categories?post=10534"},{"taxonomy":"post_tag","embeddable":true,"href":"http:\/\/www.kunstgalerie-barbara.de\/blog\/wp-json\/wp\/v2\/tags?post=10534"}],"curies":[{"name":"wp","href":"https:\/\/api.w.org\/{rel}","templated":true}]}}