{"id":10682,"date":"2012-08-10T06:16:20","date_gmt":"2012-08-10T05:16:20","guid":{"rendered":"http:\/\/www.kunstgalerie-barbara.de\/blog\/?p=10682"},"modified":"2012-08-10T06:16:20","modified_gmt":"2012-08-10T05:16:20","slug":"kinderkarawanen","status":"publish","type":"post","link":"http:\/\/www.kunstgalerie-barbara.de\/blog\/2012\/08\/kinderkarawanen\/","title":{"rendered":"Kinderkarawanen&#8230;"},"content":{"rendered":"<p style=\"text-align: center;\"><a href=\"http:\/\/www.kunstgalerie-barbara.de\/blog\/wp-content\/uploads\/2012\/08\/P1160488.jpg\"><img loading=\"lazy\" decoding=\"async\" class=\"aligncenter  wp-image-10683\" title=\"P1160488\" src=\"http:\/\/www.kunstgalerie-barbara.de\/blog\/wp-content\/uploads\/2012\/08\/P1160488.jpg\" alt=\"\" width=\"443\" height=\"278\" \/><\/a>&#8230;bev\u00f6lkern \u00f6fter mal den B\u00fcrgerpark !<\/p>\n","protected":false},"excerpt":{"rendered":"<p>&#8230;bev\u00f6lkern \u00f6fter mal den B\u00fcrgerpark !<\/p>\n","protected":false},"author":1,"featured_media":0,"comment_status":"open","ping_status":"open","sticky":false,"template":"","format":"standard","meta":{"footnotes":""},"categories":[22],"tags":[],"jetpack_featured_media_url":"","_links":{"self":[{"href":"http:\/\/www.kunstgalerie-barbara.de\/blog\/wp-json\/wp\/v2\/posts\/10682"}],"collection":[{"href":"http:\/\/www.kunstgalerie-barbara.de\/blog\/wp-json\/wp\/v2\/posts"}],"about":[{"href":"http:\/\/www.kunstgalerie-barbara.de\/blog\/wp-json\/wp\/v2\/types\/post"}],"author":[{"embeddable":true,"href":"http:\/\/www.kunstgalerie-barbara.de\/blog\/wp-json\/wp\/v2\/users\/1"}],"replies":[{"embeddable":true,"href":"http:\/\/www.kunstgalerie-barbara.de\/blog\/wp-json\/wp\/v2\/comments?post=10682"}],"version-history":[{"count":1,"href":"http:\/\/www.kunstgalerie-barbara.de\/blog\/wp-json\/wp\/v2\/posts\/10682\/revisions"}],"predecessor-version":[{"id":10684,"href":"http:\/\/www.kunstgalerie-barbara.de\/blog\/wp-json\/wp\/v2\/posts\/10682\/revisions\/10684"}],"wp:attachment":[{"href":"http:\/\/www.kunstgalerie-barbara.de\/blog\/wp-json\/wp\/v2\/media?parent=10682"}],"wp:term":[{"taxonomy":"category","embeddable":true,"href":"http:\/\/www.kunstgalerie-barbara.de\/blog\/wp-json\/wp\/v2\/categories?post=10682"},{"taxonomy":"post_tag","embeddable":true,"href":"http:\/\/www.kunstgalerie-barbara.de\/blog\/wp-json\/wp\/v2\/tags?post=10682"}],"curies":[{"name":"wp","href":"https:\/\/api.w.org\/{rel}","templated":true}]}}