{"id":10718,"date":"2012-08-15T09:00:55","date_gmt":"2012-08-15T08:00:55","guid":{"rendered":"http:\/\/www.kunstgalerie-barbara.de\/blog\/?p=10718"},"modified":"2012-08-15T16:56:40","modified_gmt":"2012-08-15T15:56:40","slug":"ein-tag-an-der-nordsee","status":"publish","type":"post","link":"http:\/\/www.kunstgalerie-barbara.de\/blog\/2012\/08\/ein-tag-an-der-nordsee\/","title":{"rendered":"Ein Tag an der Nordsee&#8230;"},"content":{"rendered":"<p style=\"text-align: center;\"><a href=\"http:\/\/www.kunstgalerie-barbara.de\/blog\/wp-content\/uploads\/2012\/08\/P1170152-Kopie.jpg\"><img loading=\"lazy\" decoding=\"async\" class=\"aligncenter size-full wp-image-10719\" title=\"P1170152 Kopie\" src=\"http:\/\/www.kunstgalerie-barbara.de\/blog\/wp-content\/uploads\/2012\/08\/P1170152-Kopie.jpg\" alt=\"\" width=\"450\" height=\"338\" srcset=\"http:\/\/www.kunstgalerie-barbara.de\/blog\/wp-content\/uploads\/2012\/08\/P1170152-Kopie.jpg 450w, http:\/\/www.kunstgalerie-barbara.de\/blog\/wp-content\/uploads\/2012\/08\/P1170152-Kopie-300x225.jpg 300w\" sizes=\"(max-width: 450px) 100vw, 450px\" \/><\/a>&#8230;in Carolinensiel!<\/p>\n<p style=\"text-align: center;\">Nicht alles sieht dort leider so idyllisch aus!<br \/>\nBeispielsweise nicht das Meer von Wohnmobilen dicht am Ufer in Strandn\u00e4he, vis a vis mit den Strandk\u00f6rben! Das mu\u00df meines Erachtens nicht sein und verschreckt Urlauber, die Meer sehen wollen statt Hymer und Dauercamper!<\/p>\n<p style=\"text-align: center;\"><a href=\"http:\/\/www.kunstgalerie-barbara.de\/blog\/wp-content\/uploads\/2012\/08\/P1170129-Kopie1.jpg\"><img loading=\"lazy\" decoding=\"async\" class=\"aligncenter size-full wp-image-10734\" title=\"P1170129 Kopie1\" src=\"http:\/\/www.kunstgalerie-barbara.de\/blog\/wp-content\/uploads\/2012\/08\/P1170129-Kopie1.jpg\" alt=\"\" width=\"460\" height=\"292\" srcset=\"http:\/\/www.kunstgalerie-barbara.de\/blog\/wp-content\/uploads\/2012\/08\/P1170129-Kopie1.jpg 460w, http:\/\/www.kunstgalerie-barbara.de\/blog\/wp-content\/uploads\/2012\/08\/P1170129-Kopie1-300x190.jpg 300w\" sizes=\"(max-width: 460px) 100vw, 460px\" \/><\/a><\/p>\n","protected":false},"excerpt":{"rendered":"<p>&#8230;in Carolinensiel! Nicht alles sieht dort leider so idyllisch aus! Beispielsweise nicht das Meer von Wohnmobilen dicht am Ufer in Strandn\u00e4he, vis a vis mit den Strandk\u00f6rben! Das mu\u00df meines Erachtens nicht sein und verschreckt Urlauber, die Meer sehen wollen statt Hymer und Dauercamper!<\/p>\n","protected":false},"author":1,"featured_media":0,"comment_status":"open","ping_status":"open","sticky":false,"template":"","format":"standard","meta":{"footnotes":""},"categories":[42,19],"tags":[],"jetpack_featured_media_url":"","_links":{"self":[{"href":"http:\/\/www.kunstgalerie-barbara.de\/blog\/wp-json\/wp\/v2\/posts\/10718"}],"collection":[{"href":"http:\/\/www.kunstgalerie-barbara.de\/blog\/wp-json\/wp\/v2\/posts"}],"about":[{"href":"http:\/\/www.kunstgalerie-barbara.de\/blog\/wp-json\/wp\/v2\/types\/post"}],"author":[{"embeddable":true,"href":"http:\/\/www.kunstgalerie-barbara.de\/blog\/wp-json\/wp\/v2\/users\/1"}],"replies":[{"embeddable":true,"href":"http:\/\/www.kunstgalerie-barbara.de\/blog\/wp-json\/wp\/v2\/comments?post=10718"}],"version-history":[{"count":1,"href":"http:\/\/www.kunstgalerie-barbara.de\/blog\/wp-json\/wp\/v2\/posts\/10718\/revisions"}],"predecessor-version":[{"id":10736,"href":"http:\/\/www.kunstgalerie-barbara.de\/blog\/wp-json\/wp\/v2\/posts\/10718\/revisions\/10736"}],"wp:attachment":[{"href":"http:\/\/www.kunstgalerie-barbara.de\/blog\/wp-json\/wp\/v2\/media?parent=10718"}],"wp:term":[{"taxonomy":"category","embeddable":true,"href":"http:\/\/www.kunstgalerie-barbara.de\/blog\/wp-json\/wp\/v2\/categories?post=10718"},{"taxonomy":"post_tag","embeddable":true,"href":"http:\/\/www.kunstgalerie-barbara.de\/blog\/wp-json\/wp\/v2\/tags?post=10718"}],"curies":[{"name":"wp","href":"https:\/\/api.w.org\/{rel}","templated":true}]}}