{"id":10726,"date":"2012-08-15T09:35:18","date_gmt":"2012-08-15T08:35:18","guid":{"rendered":"http:\/\/www.kunstgalerie-barbara.de\/blog\/?p=10726"},"modified":"2012-08-15T09:51:58","modified_gmt":"2012-08-15T08:51:58","slug":"dass-unsere-deutschen-strompreise-die-zweithoechsten-in-europa-sind","status":"publish","type":"post","link":"http:\/\/www.kunstgalerie-barbara.de\/blog\/2012\/08\/dass-unsere-deutschen-strompreise-die-zweithoechsten-in-europa-sind\/","title":{"rendered":"Dass unsere deutschen Strompreise die zweith\u00f6chsten in Europa sind&#8230;"},"content":{"rendered":"<p>r\u00fchrt nicht daher, dass erneuerbare Energie subvetioniert werden m\u00fc\u00dfte, sie sind so hoch, weil beispielsweise Ernergieerzeuger erneuerbare Energie boycottieren, indem Windkaftanlagen zwar gebaut aber nicht an Kraftwerke angeschlossen werden. Dann wird uns dummer Bev\u00f6lkerung weisgemacht, erneuerbare Energie lohne sich nicht!<!--more--><br \/>\nAuf meinen Stipvisiten durch Norddeutschland sah ich diverse Windkraftanlagen, die ungenutzt einfach still standen!<br \/>\nIch sehe aber auch auf erstaunlich vielen H\u00e4usern unserer Landbev\u00f6lkerung Solaranlagen, die ebenfalls angeblich subvetioniert werden m\u00fc\u00dften. Auch diese Solaranlagen produzieren Strom der ins Gesamtnetz eingespeist wird!<\/p>\n<p><a href=\"http:\/\/nachrichten.t-online.de\/oettinger-kritisiert-hohe-strompreise-in-deutschland\/id_58655956\/index?news\">http:\/\/nachrichten.t-online.de\/oettinger-kritisiert-hohe-strompreise-in-deutschland\/id_58655956\/index?<\/a><\/p>\n","protected":false},"excerpt":{"rendered":"<p>r\u00fchrt nicht daher, dass erneuerbare Energie subvetioniert werden m\u00fc\u00dfte, sie sind so hoch, weil beispielsweise Ernergieerzeuger erneuerbare Energie boycottieren, indem Windkaftanlagen zwar gebaut aber nicht an Kraftwerke angeschlossen werden. Dann wird uns dummer Bev\u00f6lkerung weisgemacht, erneuerbare Energie lohne sich nicht!<\/p>\n","protected":false},"author":1,"featured_media":0,"comment_status":"open","ping_status":"open","sticky":false,"template":"","format":"standard","meta":{"footnotes":""},"categories":[42,40],"tags":[],"jetpack_featured_media_url":"","_links":{"self":[{"href":"http:\/\/www.kunstgalerie-barbara.de\/blog\/wp-json\/wp\/v2\/posts\/10726"}],"collection":[{"href":"http:\/\/www.kunstgalerie-barbara.de\/blog\/wp-json\/wp\/v2\/posts"}],"about":[{"href":"http:\/\/www.kunstgalerie-barbara.de\/blog\/wp-json\/wp\/v2\/types\/post"}],"author":[{"embeddable":true,"href":"http:\/\/www.kunstgalerie-barbara.de\/blog\/wp-json\/wp\/v2\/users\/1"}],"replies":[{"embeddable":true,"href":"http:\/\/www.kunstgalerie-barbara.de\/blog\/wp-json\/wp\/v2\/comments?post=10726"}],"version-history":[{"count":1,"href":"http:\/\/www.kunstgalerie-barbara.de\/blog\/wp-json\/wp\/v2\/posts\/10726\/revisions"}],"predecessor-version":[{"id":10728,"href":"http:\/\/www.kunstgalerie-barbara.de\/blog\/wp-json\/wp\/v2\/posts\/10726\/revisions\/10728"}],"wp:attachment":[{"href":"http:\/\/www.kunstgalerie-barbara.de\/blog\/wp-json\/wp\/v2\/media?parent=10726"}],"wp:term":[{"taxonomy":"category","embeddable":true,"href":"http:\/\/www.kunstgalerie-barbara.de\/blog\/wp-json\/wp\/v2\/categories?post=10726"},{"taxonomy":"post_tag","embeddable":true,"href":"http:\/\/www.kunstgalerie-barbara.de\/blog\/wp-json\/wp\/v2\/tags?post=10726"}],"curies":[{"name":"wp","href":"https:\/\/api.w.org\/{rel}","templated":true}]}}