{"id":11181,"date":"2012-10-10T09:27:51","date_gmt":"2012-10-10T08:27:51","guid":{"rendered":"http:\/\/www.kunstgalerie-barbara.de\/blog\/?p=11181"},"modified":"2012-10-10T09:33:18","modified_gmt":"2012-10-10T08:33:18","slug":"ist-natuerlich-klar","status":"publish","type":"post","link":"http:\/\/www.kunstgalerie-barbara.de\/blog\/2012\/10\/ist-natuerlich-klar\/","title":{"rendered":"Ist nat\u00fcrlich klar&#8230;"},"content":{"rendered":"<p>&#8230; wenn&#8217;s nicht so l\u00e4uft, wie&#8217;s laufen soll, wird gep\u00f6belt! Wird mal wieder die Hakenkreuzzeit aus der unendlich verstaubten Trickkiste geholt. Das sagt nicht in erster Linie etwas \u00fcber Deutschland aus, sondern sehr viel \u00fcber die Griechen! Es ist wahrhaftig keine L\u00f6sung die Kuh die man melken will zu schlachten! Oder besser den Ast anzus\u00e4gen auf dem man sitzt. Irgendwann haben auch wir es mal dicke, denn die Sache mit dem Schnautzb\u00e4rtigen zieht eben nur ne gewisse Zeit,\u00a0 vor allem wenn dies aber auch gar nichts mit dem Aufpeppen des maroden griechischen Systems zu tun!<\/p>\n<p><a href=\"http:\/\/www.tagesschau.de\/wirtschaft\/merkel-griechenland100.html\">http:\/\/www.tagesschau.de\/wirtschaft\/merkel-griechenland100.html<\/a><\/p>\n<p><a href=\"http:\/\/www.tagesschau.de\/kommentar\/merkel-griechenland102.html\">http:\/\/www.tagesschau.de\/kommentar\/merkel-griechenland102.html<\/a><\/p>\n","protected":false},"excerpt":{"rendered":"<p>&#8230; wenn&#8217;s nicht so l\u00e4uft, wie&#8217;s laufen soll, wird gep\u00f6belt! Wird mal wieder die Hakenkreuzzeit aus der unendlich verstaubten Trickkiste geholt. Das sagt nicht in erster Linie etwas \u00fcber Deutschland aus, sondern sehr viel \u00fcber die Griechen! Es ist wahrhaftig keine L\u00f6sung die Kuh die man melken will zu schlachten! Oder besser den Ast anzus\u00e4gen auf dem man sitzt. Irgendwann haben auch wir es mal dicke, denn die Sache mit dem Schnautzb\u00e4rtigen zieht eben nur ne gewisse Zeit,\u00a0 vor allem wenn dies aber auch gar nichts mit dem Aufpeppen des maroden griechischen Systems zu tun! http:\/\/www.tagesschau.de\/wirtschaft\/merkel-griechenland100.html http:\/\/www.tagesschau.de\/kommentar\/merkel-griechenland102.html<\/p>\n","protected":false},"author":1,"featured_media":0,"comment_status":"open","ping_status":"open","sticky":false,"template":"","format":"standard","meta":{"footnotes":""},"categories":[40],"tags":[],"jetpack_featured_media_url":"","_links":{"self":[{"href":"http:\/\/www.kunstgalerie-barbara.de\/blog\/wp-json\/wp\/v2\/posts\/11181"}],"collection":[{"href":"http:\/\/www.kunstgalerie-barbara.de\/blog\/wp-json\/wp\/v2\/posts"}],"about":[{"href":"http:\/\/www.kunstgalerie-barbara.de\/blog\/wp-json\/wp\/v2\/types\/post"}],"author":[{"embeddable":true,"href":"http:\/\/www.kunstgalerie-barbara.de\/blog\/wp-json\/wp\/v2\/users\/1"}],"replies":[{"embeddable":true,"href":"http:\/\/www.kunstgalerie-barbara.de\/blog\/wp-json\/wp\/v2\/comments?post=11181"}],"version-history":[{"count":1,"href":"http:\/\/www.kunstgalerie-barbara.de\/blog\/wp-json\/wp\/v2\/posts\/11181\/revisions"}],"predecessor-version":[{"id":11186,"href":"http:\/\/www.kunstgalerie-barbara.de\/blog\/wp-json\/wp\/v2\/posts\/11181\/revisions\/11186"}],"wp:attachment":[{"href":"http:\/\/www.kunstgalerie-barbara.de\/blog\/wp-json\/wp\/v2\/media?parent=11181"}],"wp:term":[{"taxonomy":"category","embeddable":true,"href":"http:\/\/www.kunstgalerie-barbara.de\/blog\/wp-json\/wp\/v2\/categories?post=11181"},{"taxonomy":"post_tag","embeddable":true,"href":"http:\/\/www.kunstgalerie-barbara.de\/blog\/wp-json\/wp\/v2\/tags?post=11181"}],"curies":[{"name":"wp","href":"https:\/\/api.w.org\/{rel}","templated":true}]}}