{"id":11190,"date":"2012-10-11T05:28:01","date_gmt":"2012-10-11T04:28:01","guid":{"rendered":"http:\/\/www.kunstgalerie-barbara.de\/blog\/?p=11190"},"modified":"2012-10-25T17:17:27","modified_gmt":"2012-10-25T16:17:27","slug":"hier-koennen-insekten-sich-noch-wohlfuehlen","status":"publish","type":"post","link":"http:\/\/www.kunstgalerie-barbara.de\/blog\/2012\/10\/hier-koennen-insekten-sich-noch-wohlfuehlen\/","title":{"rendered":"Hier k\u00f6nnen sich Insekten noch wohlf\u00fchlen&#8230;"},"content":{"rendered":"<p style=\"text-align: center;\"><a href=\"http:\/\/www.kunstgalerie-barbara.de\/blog\/wp-content\/uploads\/2012\/10\/P1200556-Kopie.jpg\"><img loading=\"lazy\" decoding=\"async\" class=\"aligncenter size-full wp-image-11192\" title=\"P1200556 Kopie\" src=\"http:\/\/www.kunstgalerie-barbara.de\/blog\/wp-content\/uploads\/2012\/10\/P1200556-Kopie.jpg\" alt=\"\" width=\"470\" height=\"313\" srcset=\"http:\/\/www.kunstgalerie-barbara.de\/blog\/wp-content\/uploads\/2012\/10\/P1200556-Kopie.jpg 470w, http:\/\/www.kunstgalerie-barbara.de\/blog\/wp-content\/uploads\/2012\/10\/P1200556-Kopie-300x199.jpg 300w\" sizes=\"(max-width: 470px) 100vw, 470px\" \/><\/a>&#8230;denn in der Stadt vor meinem Schlafzimmerfenster im Efeu gibt es keine Pestizide, die ihnen gef\u00e4hrlich werden k\u00f6nnten. So merkw\u00fcrdig es klingen mag, der st\u00e4dtische Raum scheint\u00a0 f\u00fcr Bienen heutzutage ein wahres Paradies zu sein, in dem sie sich ungest\u00f6rt austoben k\u00f6nnen. Auch f\u00fcr mich ist dies paradiesisch denn ich kann sie so ungest\u00f6rt ablichten!<\/p>\n<p><a href=\"http:\/\/www.zdf.de\/ZDFmediathek\/beitrag\/video\/1748480\/#\/beitrag\/video\/1748480\/planet-e.-Tod-im-Bienenstock\">http:\/\/www.zdf.de\/ZDFmediathek\/beitrag\/video\/1748480\/#\/beitrag\/video\/1748480\/planet-e.-Tod-im-Bienenstock<\/a><\/p>\n","protected":false},"excerpt":{"rendered":"<p>&#8230;denn in der Stadt vor meinem Schlafzimmerfenster im Efeu gibt es keine Pestizide, die ihnen gef\u00e4hrlich werden k\u00f6nnten. So merkw\u00fcrdig es klingen mag, der st\u00e4dtische Raum scheint\u00a0 f\u00fcr Bienen heutzutage ein wahres Paradies zu sein, in dem sie sich ungest\u00f6rt austoben k\u00f6nnen. Auch f\u00fcr mich ist dies paradiesisch denn ich kann sie so ungest\u00f6rt ablichten! http:\/\/www.zdf.de\/ZDFmediathek\/beitrag\/video\/1748480\/#\/beitrag\/video\/1748480\/planet-e.-Tod-im-Bienenstock<\/p>\n","protected":false},"author":1,"featured_media":0,"comment_status":"open","ping_status":"open","sticky":false,"template":"","format":"standard","meta":{"footnotes":""},"categories":[42,19],"tags":[],"jetpack_featured_media_url":"","_links":{"self":[{"href":"http:\/\/www.kunstgalerie-barbara.de\/blog\/wp-json\/wp\/v2\/posts\/11190"}],"collection":[{"href":"http:\/\/www.kunstgalerie-barbara.de\/blog\/wp-json\/wp\/v2\/posts"}],"about":[{"href":"http:\/\/www.kunstgalerie-barbara.de\/blog\/wp-json\/wp\/v2\/types\/post"}],"author":[{"embeddable":true,"href":"http:\/\/www.kunstgalerie-barbara.de\/blog\/wp-json\/wp\/v2\/users\/1"}],"replies":[{"embeddable":true,"href":"http:\/\/www.kunstgalerie-barbara.de\/blog\/wp-json\/wp\/v2\/comments?post=11190"}],"version-history":[{"count":1,"href":"http:\/\/www.kunstgalerie-barbara.de\/blog\/wp-json\/wp\/v2\/posts\/11190\/revisions"}],"predecessor-version":[{"id":11195,"href":"http:\/\/www.kunstgalerie-barbara.de\/blog\/wp-json\/wp\/v2\/posts\/11190\/revisions\/11195"}],"wp:attachment":[{"href":"http:\/\/www.kunstgalerie-barbara.de\/blog\/wp-json\/wp\/v2\/media?parent=11190"}],"wp:term":[{"taxonomy":"category","embeddable":true,"href":"http:\/\/www.kunstgalerie-barbara.de\/blog\/wp-json\/wp\/v2\/categories?post=11190"},{"taxonomy":"post_tag","embeddable":true,"href":"http:\/\/www.kunstgalerie-barbara.de\/blog\/wp-json\/wp\/v2\/tags?post=11190"}],"curies":[{"name":"wp","href":"https:\/\/api.w.org\/{rel}","templated":true}]}}