{"id":11208,"date":"2012-10-12T05:48:36","date_gmt":"2012-10-12T04:48:36","guid":{"rendered":"http:\/\/www.kunstgalerie-barbara.de\/blog\/?p=11208"},"modified":"2012-10-12T05:52:07","modified_gmt":"2012-10-12T04:52:07","slug":"immer-wird-erst-dann-geforscht-und-untersucht","status":"publish","type":"post","link":"http:\/\/www.kunstgalerie-barbara.de\/blog\/2012\/10\/immer-wird-erst-dann-geforscht-und-untersucht\/","title":{"rendered":"Immer wird erst dann geforscht und untersucht&#8230;"},"content":{"rendered":"<p><a href=\"http:\/\/www.kunstgalerie-barbara.de\/blog\/wp-content\/uploads\/2012\/10\/DSC_0739-Kopie.jpg\"><img loading=\"lazy\" decoding=\"async\" class=\"aligncenter size-full wp-image-11210\" title=\"DSC_0739 Kopie\" src=\"http:\/\/www.kunstgalerie-barbara.de\/blog\/wp-content\/uploads\/2012\/10\/DSC_0739-Kopie.jpg\" alt=\"\" width=\"500\" height=\"332\" srcset=\"http:\/\/www.kunstgalerie-barbara.de\/blog\/wp-content\/uploads\/2012\/10\/DSC_0739-Kopie.jpg 500w, http:\/\/www.kunstgalerie-barbara.de\/blog\/wp-content\/uploads\/2012\/10\/DSC_0739-Kopie-300x199.jpg 300w\" sizes=\"(max-width: 500px) 100vw, 500px\" \/><\/a><\/p>\n<p>wenn das Kind sozusagen in den Brunnen gefallen ist, wie jetzt im Fall Fukushimas. In den\u00a0 Zeiten zwischen den jeweiligen Gaus ist selbstvert\u00e4ndlich alles im gr\u00fcnen Bereich! Es w\u00e4re auch schon sehr interessant zu wissen,wie sieht es mit der radioaktiven Belastung\u00a0 rund um AKWs ohne Unfall aus ! Wie sieht es mit Tier und Mensch auch mit Insekten aus, die sich in diesen Regionen befinden.<br \/>\nIm \u00dcbrigen wurde, seit der Entdeckung der Kernspaltung,\u00a0 unser sch\u00f6ner blauer Planet derart durch Nukleartests rund um den Erdball, Atombombenabw\u00fcrfe, unendlich viele Unf\u00e4lle in AKWs dieser Welt so stark ratioaktiv belastet, da\u00df sowieso nichts mehr so ist, wie es war, bevor der Mensch glaubte Radioaktivit\u00e4t sei die L\u00f6sung seiner Probleme!<\/p>\n<p><a href=\"http:\/\/www.tagesschau.de\/ausland\/fukushima714.html\">http:\/\/www.tagesschau.de\/ausland\/fukushima714.html<\/a><\/p>\n","protected":false},"excerpt":{"rendered":"<p>wenn das Kind sozusagen in den Brunnen gefallen ist, wie jetzt im Fall Fukushimas. In den\u00a0 Zeiten zwischen den jeweiligen Gaus ist selbstvert\u00e4ndlich alles im gr\u00fcnen Bereich! Es w\u00e4re auch schon sehr interessant zu wissen,wie sieht es mit der radioaktiven Belastung\u00a0 rund um AKWs ohne Unfall aus ! Wie sieht es mit Tier und Mensch auch mit Insekten aus, die sich in diesen Regionen befinden. Im \u00dcbrigen wurde, seit der Entdeckung der Kernspaltung,\u00a0 unser sch\u00f6ner blauer Planet derart durch Nukleartests rund um den Erdball, Atombombenabw\u00fcrfe, unendlich viele Unf\u00e4lle in AKWs dieser Welt so stark ratioaktiv belastet, da\u00df sowieso nichts mehr so ist, wie es war, bevor der Mensch glaubte Radioaktivit\u00e4t sei die L\u00f6sung seiner Probleme! http:\/\/www.tagesschau.de\/ausland\/fukushima714.html<\/p>\n","protected":false},"author":1,"featured_media":0,"comment_status":"open","ping_status":"open","sticky":false,"template":"","format":"standard","meta":{"footnotes":""},"categories":[42,19,40],"tags":[],"jetpack_featured_media_url":"","_links":{"self":[{"href":"http:\/\/www.kunstgalerie-barbara.de\/blog\/wp-json\/wp\/v2\/posts\/11208"}],"collection":[{"href":"http:\/\/www.kunstgalerie-barbara.de\/blog\/wp-json\/wp\/v2\/posts"}],"about":[{"href":"http:\/\/www.kunstgalerie-barbara.de\/blog\/wp-json\/wp\/v2\/types\/post"}],"author":[{"embeddable":true,"href":"http:\/\/www.kunstgalerie-barbara.de\/blog\/wp-json\/wp\/v2\/users\/1"}],"replies":[{"embeddable":true,"href":"http:\/\/www.kunstgalerie-barbara.de\/blog\/wp-json\/wp\/v2\/comments?post=11208"}],"version-history":[{"count":1,"href":"http:\/\/www.kunstgalerie-barbara.de\/blog\/wp-json\/wp\/v2\/posts\/11208\/revisions"}],"predecessor-version":[{"id":11215,"href":"http:\/\/www.kunstgalerie-barbara.de\/blog\/wp-json\/wp\/v2\/posts\/11208\/revisions\/11215"}],"wp:attachment":[{"href":"http:\/\/www.kunstgalerie-barbara.de\/blog\/wp-json\/wp\/v2\/media?parent=11208"}],"wp:term":[{"taxonomy":"category","embeddable":true,"href":"http:\/\/www.kunstgalerie-barbara.de\/blog\/wp-json\/wp\/v2\/categories?post=11208"},{"taxonomy":"post_tag","embeddable":true,"href":"http:\/\/www.kunstgalerie-barbara.de\/blog\/wp-json\/wp\/v2\/tags?post=11208"}],"curies":[{"name":"wp","href":"https:\/\/api.w.org\/{rel}","templated":true}]}}