{"id":11228,"date":"2012-10-13T17:11:12","date_gmt":"2012-10-13T16:11:12","guid":{"rendered":"http:\/\/www.kunstgalerie-barbara.de\/blog\/?p=11228"},"modified":"2012-10-13T17:18:28","modified_gmt":"2012-10-13T16:18:28","slug":"wenns-also-draussen-ungemuetlich-wird-hilft-heisser-kakao-mit-sahne","status":"publish","type":"post","link":"http:\/\/www.kunstgalerie-barbara.de\/blog\/2012\/10\/wenns-also-draussen-ungemuetlich-wird-hilft-heisser-kakao-mit-sahne\/","title":{"rendered":"Wenn&#8217;s also drau\u00dfen ungem\u00fctlich wird, hilft hei\u00dfer Kakao mit Schlagsahne"},"content":{"rendered":"<p style=\"text-align: center;\"><a href=\"http:\/\/www.kunstgalerie-barbara.de\/blog\/wp-content\/uploads\/2012\/10\/P1200787-Kopie.jpg\"><img loading=\"lazy\" decoding=\"async\" class=\"aligncenter size-full wp-image-11229\" title=\"P1200787 Kopie\" src=\"http:\/\/www.kunstgalerie-barbara.de\/blog\/wp-content\/uploads\/2012\/10\/P1200787-Kopie.jpg\" alt=\"\" width=\"470\" height=\"313\" srcset=\"http:\/\/www.kunstgalerie-barbara.de\/blog\/wp-content\/uploads\/2012\/10\/P1200787-Kopie.jpg 470w, http:\/\/www.kunstgalerie-barbara.de\/blog\/wp-content\/uploads\/2012\/10\/P1200787-Kopie-300x199.jpg 300w\" sizes=\"(max-width: 470px) 100vw, 470px\" \/><\/a>Kakao zubereiten mit Zimt, Vanille und einer Prise\u00a0 Nelken w\u00fcrzen.<br \/>\nObenauf ein gro\u00dfen Klacks Honigsahne. Best\u00e4ubt wird das Ganze noch einmal mit ein wenig Kakao!<\/p>\n","protected":false},"excerpt":{"rendered":"<p>Kakao zubereiten mit Zimt, Vanille und einer Prise\u00a0 Nelken w\u00fcrzen. Obenauf ein gro\u00dfen Klacks Honigsahne. Best\u00e4ubt wird das Ganze noch einmal mit ein wenig Kakao!<\/p>\n","protected":false},"author":1,"featured_media":0,"comment_status":"open","ping_status":"open","sticky":false,"template":"","format":"standard","meta":{"footnotes":""},"categories":[19,27],"tags":[],"jetpack_featured_media_url":"","_links":{"self":[{"href":"http:\/\/www.kunstgalerie-barbara.de\/blog\/wp-json\/wp\/v2\/posts\/11228"}],"collection":[{"href":"http:\/\/www.kunstgalerie-barbara.de\/blog\/wp-json\/wp\/v2\/posts"}],"about":[{"href":"http:\/\/www.kunstgalerie-barbara.de\/blog\/wp-json\/wp\/v2\/types\/post"}],"author":[{"embeddable":true,"href":"http:\/\/www.kunstgalerie-barbara.de\/blog\/wp-json\/wp\/v2\/users\/1"}],"replies":[{"embeddable":true,"href":"http:\/\/www.kunstgalerie-barbara.de\/blog\/wp-json\/wp\/v2\/comments?post=11228"}],"version-history":[{"count":1,"href":"http:\/\/www.kunstgalerie-barbara.de\/blog\/wp-json\/wp\/v2\/posts\/11228\/revisions"}],"predecessor-version":[{"id":11235,"href":"http:\/\/www.kunstgalerie-barbara.de\/blog\/wp-json\/wp\/v2\/posts\/11228\/revisions\/11235"}],"wp:attachment":[{"href":"http:\/\/www.kunstgalerie-barbara.de\/blog\/wp-json\/wp\/v2\/media?parent=11228"}],"wp:term":[{"taxonomy":"category","embeddable":true,"href":"http:\/\/www.kunstgalerie-barbara.de\/blog\/wp-json\/wp\/v2\/categories?post=11228"},{"taxonomy":"post_tag","embeddable":true,"href":"http:\/\/www.kunstgalerie-barbara.de\/blog\/wp-json\/wp\/v2\/tags?post=11228"}],"curies":[{"name":"wp","href":"https:\/\/api.w.org\/{rel}","templated":true}]}}