{"id":11237,"date":"2012-10-14T14:37:35","date_gmt":"2012-10-14T13:37:35","guid":{"rendered":"http:\/\/www.kunstgalerie-barbara.de\/blog\/?p=11237"},"modified":"2012-10-15T05:37:12","modified_gmt":"2012-10-15T04:37:12","slug":"herbst-im-glas","status":"publish","type":"post","link":"http:\/\/www.kunstgalerie-barbara.de\/blog\/2012\/10\/herbst-im-glas\/","title":{"rendered":"Herbst im Glas&#8230;"},"content":{"rendered":"<p style=\"text-align: left;\"><a href=\"http:\/\/www.kunstgalerie-barbara.de\/blog\/wp-content\/uploads\/2012\/10\/P1210065-Kopie.jpg\"><img loading=\"lazy\" decoding=\"async\" class=\"aligncenter size-full wp-image-11238\" title=\"P1210065 Kopie\" src=\"http:\/\/www.kunstgalerie-barbara.de\/blog\/wp-content\/uploads\/2012\/10\/P1210065-Kopie.jpg\" alt=\"\" width=\"470\" height=\"470\" srcset=\"http:\/\/www.kunstgalerie-barbara.de\/blog\/wp-content\/uploads\/2012\/10\/P1210065-Kopie.jpg 470w, http:\/\/www.kunstgalerie-barbara.de\/blog\/wp-content\/uploads\/2012\/10\/P1210065-Kopie-150x150.jpg 150w, http:\/\/www.kunstgalerie-barbara.de\/blog\/wp-content\/uploads\/2012\/10\/P1210065-Kopie-300x300.jpg 300w\" sizes=\"(max-width: 470px) 100vw, 470px\" \/><\/a>&#8230;als interessante Dekoration!<br \/>\nEinfach Laub einsammeln, wenn m\u00f6glich farbenfreudiges, r\u00f6tliches und in ein Windlichtglas oder eine schlichte Vase schichten. zus\u00e4tzlich kann man, um der Sache eine zus\u00e4tzliche Note zu geben, eine kleine Kette Weihnachtsbeleuchtung (LED Leuchten) dazu dekorieren.<\/p>\n","protected":false},"excerpt":{"rendered":"<p>&#8230;als interessante Dekoration! Einfach Laub einsammeln, wenn m\u00f6glich farbenfreudiges, r\u00f6tliches und in ein Windlichtglas oder eine schlichte Vase schichten. zus\u00e4tzlich kann man, um der Sache eine zus\u00e4tzliche Note zu geben, eine kleine Kette Weihnachtsbeleuchtung (LED Leuchten) dazu dekorieren.<\/p>\n","protected":false},"author":1,"featured_media":0,"comment_status":"open","ping_status":"open","sticky":false,"template":"","format":"standard","meta":{"footnotes":""},"categories":[19,52],"tags":[],"jetpack_featured_media_url":"","_links":{"self":[{"href":"http:\/\/www.kunstgalerie-barbara.de\/blog\/wp-json\/wp\/v2\/posts\/11237"}],"collection":[{"href":"http:\/\/www.kunstgalerie-barbara.de\/blog\/wp-json\/wp\/v2\/posts"}],"about":[{"href":"http:\/\/www.kunstgalerie-barbara.de\/blog\/wp-json\/wp\/v2\/types\/post"}],"author":[{"embeddable":true,"href":"http:\/\/www.kunstgalerie-barbara.de\/blog\/wp-json\/wp\/v2\/users\/1"}],"replies":[{"embeddable":true,"href":"http:\/\/www.kunstgalerie-barbara.de\/blog\/wp-json\/wp\/v2\/comments?post=11237"}],"version-history":[{"count":1,"href":"http:\/\/www.kunstgalerie-barbara.de\/blog\/wp-json\/wp\/v2\/posts\/11237\/revisions"}],"predecessor-version":[{"id":11240,"href":"http:\/\/www.kunstgalerie-barbara.de\/blog\/wp-json\/wp\/v2\/posts\/11237\/revisions\/11240"}],"wp:attachment":[{"href":"http:\/\/www.kunstgalerie-barbara.de\/blog\/wp-json\/wp\/v2\/media?parent=11237"}],"wp:term":[{"taxonomy":"category","embeddable":true,"href":"http:\/\/www.kunstgalerie-barbara.de\/blog\/wp-json\/wp\/v2\/categories?post=11237"},{"taxonomy":"post_tag","embeddable":true,"href":"http:\/\/www.kunstgalerie-barbara.de\/blog\/wp-json\/wp\/v2\/tags?post=11237"}],"curies":[{"name":"wp","href":"https:\/\/api.w.org\/{rel}","templated":true}]}}