{"id":11259,"date":"2012-10-17T07:32:08","date_gmt":"2012-10-17T06:32:08","guid":{"rendered":"http:\/\/www.kunstgalerie-barbara.de\/blog\/?p=11259"},"modified":"2012-10-20T06:41:18","modified_gmt":"2012-10-20T05:41:18","slug":"unser-taeglich-gift","status":"publish","type":"post","link":"http:\/\/www.kunstgalerie-barbara.de\/blog\/2012\/10\/unser-taeglich-gift\/","title":{"rendered":"Die Zukunft pflanzen&#8230;"},"content":{"rendered":"<p style=\"text-align: center;\"><a href=\"http:\/\/www.kunstgalerie-barbara.de\/blog\/wp-content\/uploads\/2012\/10\/DSC_0068-Kopie.jpg\"><img loading=\"lazy\" decoding=\"async\" class=\"aligncenter size-full wp-image-11290\" title=\"DSC_0068 Kopie\" src=\"http:\/\/www.kunstgalerie-barbara.de\/blog\/wp-content\/uploads\/2012\/10\/DSC_0068-Kopie.jpg\" alt=\"\" width=\"480\" height=\"319\" srcset=\"http:\/\/www.kunstgalerie-barbara.de\/blog\/wp-content\/uploads\/2012\/10\/DSC_0068-Kopie.jpg 480w, http:\/\/www.kunstgalerie-barbara.de\/blog\/wp-content\/uploads\/2012\/10\/DSC_0068-Kopie-300x199.jpg 300w\" sizes=\"(max-width: 480px) 100vw, 480px\" \/><\/a>Um zu beweisen, dass die gesamte Weltbev\u00f6lkerung nachhaltig und ohne Pestizide ern\u00e4hrt werden kann, ist Marie-Monique Robin in sechs L\u00e4nder gereist. Die Regisseurin von\u00a0There is something totally different im Interview.<\/p>\n<p><a href=\"http:\/\/www.arte.tv\/de\/die-erde-macht-alle-satt\/6914012.html\">http:\/\/www.arte.tv\/de\/die-erde-macht-alle-satt\/6914012.html<\/a><\/p>\n<p><a href=\"http:\/\/videos.arte.tv\/de\/videos\/die-zukunft-pflanzen--6985970.html\">http:\/\/videos.arte.tv\/de\/videos\/die-zukunft-pflanzen&#8211;6985970.html<\/a><\/p>\n<p>&nbsp;<\/p>\n","protected":false},"excerpt":{"rendered":"<p>Um zu beweisen, dass die gesamte Weltbev\u00f6lkerung nachhaltig und ohne Pestizide ern\u00e4hrt werden kann, ist Marie-Monique Robin in sechs L\u00e4nder gereist. Die Regisseurin von\u00a0There is something totally different im Interview. http:\/\/www.arte.tv\/de\/die-erde-macht-alle-satt\/6914012.html http:\/\/videos.arte.tv\/de\/videos\/die-zukunft-pflanzen&#8211;6985970.html &nbsp;<\/p>\n","protected":false},"author":1,"featured_media":0,"comment_status":"open","ping_status":"open","sticky":false,"template":"","format":"standard","meta":{"footnotes":""},"categories":[42,19,40],"tags":[],"jetpack_featured_media_url":"","_links":{"self":[{"href":"http:\/\/www.kunstgalerie-barbara.de\/blog\/wp-json\/wp\/v2\/posts\/11259"}],"collection":[{"href":"http:\/\/www.kunstgalerie-barbara.de\/blog\/wp-json\/wp\/v2\/posts"}],"about":[{"href":"http:\/\/www.kunstgalerie-barbara.de\/blog\/wp-json\/wp\/v2\/types\/post"}],"author":[{"embeddable":true,"href":"http:\/\/www.kunstgalerie-barbara.de\/blog\/wp-json\/wp\/v2\/users\/1"}],"replies":[{"embeddable":true,"href":"http:\/\/www.kunstgalerie-barbara.de\/blog\/wp-json\/wp\/v2\/comments?post=11259"}],"version-history":[{"count":1,"href":"http:\/\/www.kunstgalerie-barbara.de\/blog\/wp-json\/wp\/v2\/posts\/11259\/revisions"}],"predecessor-version":[{"id":11263,"href":"http:\/\/www.kunstgalerie-barbara.de\/blog\/wp-json\/wp\/v2\/posts\/11259\/revisions\/11263"}],"wp:attachment":[{"href":"http:\/\/www.kunstgalerie-barbara.de\/blog\/wp-json\/wp\/v2\/media?parent=11259"}],"wp:term":[{"taxonomy":"category","embeddable":true,"href":"http:\/\/www.kunstgalerie-barbara.de\/blog\/wp-json\/wp\/v2\/categories?post=11259"},{"taxonomy":"post_tag","embeddable":true,"href":"http:\/\/www.kunstgalerie-barbara.de\/blog\/wp-json\/wp\/v2\/tags?post=11259"}],"curies":[{"name":"wp","href":"https:\/\/api.w.org\/{rel}","templated":true}]}}