{"id":11330,"date":"2012-10-25T06:53:26","date_gmt":"2012-10-25T05:53:26","guid":{"rendered":"http:\/\/www.kunstgalerie-barbara.de\/blog\/?p=11330"},"modified":"2012-10-25T06:53:26","modified_gmt":"2012-10-25T05:53:26","slug":"kuerbisbrot","status":"publish","type":"post","link":"http:\/\/www.kunstgalerie-barbara.de\/blog\/2012\/10\/kuerbisbrot\/","title":{"rendered":"K\u00fcrbisbrot&#8230;"},"content":{"rendered":"<p style=\"text-align: center;\"><a href=\"http:\/\/www.kunstgalerie-barbara.de\/blog\/wp-content\/uploads\/2012\/10\/P1220295.jpg\"><img loading=\"lazy\" decoding=\"async\" class=\"aligncenter size-full wp-image-11331\" title=\"P1220295\" src=\"http:\/\/www.kunstgalerie-barbara.de\/blog\/wp-content\/uploads\/2012\/10\/P1220295.jpg\" alt=\"\" width=\"480\" height=\"360\" srcset=\"http:\/\/www.kunstgalerie-barbara.de\/blog\/wp-content\/uploads\/2012\/10\/P1220295.jpg 480w, http:\/\/www.kunstgalerie-barbara.de\/blog\/wp-content\/uploads\/2012\/10\/P1220295-300x225.jpg 300w\" sizes=\"(max-width: 480px) 100vw, 480px\" \/><\/a>&#8230;ist ein Brot, schmeckt aber kuchenartig!<\/p>\n<p style=\"text-align: center;\">geht so:<!--more--> 200 Gramm Hokaidok\u00fcrbisst\u00fccke in wenig Wasser garen bis sie man sie mit Kochwasser mixen kann.<br \/>\nAus 250 Gramm Vollkornmehl 300 Gramm Mehl 1050, zwei T\u00fcten Trockenhefe, einem Teel\u00f6ffel Salz, ein bis zwei E\u00dfl\u00f6ffel Honig etwas lauwarmem Wasser und dem K\u00fcrbismus einen Teig in der K\u00fcchenmaschine kneten, der so lange gehen mu\u00df, bis er sich verdoppelt hat. Teig nochmals kneten entweder mit den H\u00e4nden oder in der Maschine. Kasteform ausfetten teig hineinlegen und nochmals gehen lassen. Dann bei 200\u00b0 45 Min. backen.<\/p>\n<p style=\"text-align: center;\">Schmeckt auch schon lauwarm und ohne jeglichen Aufstrich!<\/p>\n<p style=\"text-align: center;\">Guten Appetit!!!!!!!!<\/p>\n","protected":false},"excerpt":{"rendered":"<p>&#8230;ist ein Brot, schmeckt aber kuchenartig! geht so:<\/p>\n","protected":false},"author":1,"featured_media":0,"comment_status":"open","ping_status":"open","sticky":false,"template":"","format":"standard","meta":{"footnotes":""},"categories":[27],"tags":[],"jetpack_featured_media_url":"","_links":{"self":[{"href":"http:\/\/www.kunstgalerie-barbara.de\/blog\/wp-json\/wp\/v2\/posts\/11330"}],"collection":[{"href":"http:\/\/www.kunstgalerie-barbara.de\/blog\/wp-json\/wp\/v2\/posts"}],"about":[{"href":"http:\/\/www.kunstgalerie-barbara.de\/blog\/wp-json\/wp\/v2\/types\/post"}],"author":[{"embeddable":true,"href":"http:\/\/www.kunstgalerie-barbara.de\/blog\/wp-json\/wp\/v2\/users\/1"}],"replies":[{"embeddable":true,"href":"http:\/\/www.kunstgalerie-barbara.de\/blog\/wp-json\/wp\/v2\/comments?post=11330"}],"version-history":[{"count":1,"href":"http:\/\/www.kunstgalerie-barbara.de\/blog\/wp-json\/wp\/v2\/posts\/11330\/revisions"}],"predecessor-version":[{"id":11332,"href":"http:\/\/www.kunstgalerie-barbara.de\/blog\/wp-json\/wp\/v2\/posts\/11330\/revisions\/11332"}],"wp:attachment":[{"href":"http:\/\/www.kunstgalerie-barbara.de\/blog\/wp-json\/wp\/v2\/media?parent=11330"}],"wp:term":[{"taxonomy":"category","embeddable":true,"href":"http:\/\/www.kunstgalerie-barbara.de\/blog\/wp-json\/wp\/v2\/categories?post=11330"},{"taxonomy":"post_tag","embeddable":true,"href":"http:\/\/www.kunstgalerie-barbara.de\/blog\/wp-json\/wp\/v2\/tags?post=11330"}],"curies":[{"name":"wp","href":"https:\/\/api.w.org\/{rel}","templated":true}]}}