{"id":11359,"date":"2012-10-30T06:19:37","date_gmt":"2012-10-30T05:19:37","guid":{"rendered":"http:\/\/www.kunstgalerie-barbara.de\/blog\/?p=11359"},"modified":"2012-10-31T06:13:15","modified_gmt":"2012-10-31T05:13:15","slug":"in-bremen-heisst-es-freimarkt","status":"publish","type":"post","link":"http:\/\/www.kunstgalerie-barbara.de\/blog\/2012\/10\/in-bremen-heisst-es-freimarkt\/","title":{"rendered":"Hier in Bremen hei\u00dft es Freimarkt&#8230;"},"content":{"rendered":"<p style=\"text-align: center;\"><a href=\"http:\/\/www.kunstgalerie-barbara.de\/blog\/wp-content\/uploads\/2012\/10\/P1220134-Kopie.jpg\"><img loading=\"lazy\" decoding=\"async\" class=\"aligncenter size-full wp-image-11361\" title=\"P1220134 Kopie\" src=\"http:\/\/www.kunstgalerie-barbara.de\/blog\/wp-content\/uploads\/2012\/10\/P1220134-Kopie.jpg\" alt=\"\" width=\"450\" height=\"600\" srcset=\"http:\/\/www.kunstgalerie-barbara.de\/blog\/wp-content\/uploads\/2012\/10\/P1220134-Kopie.jpg 450w, http:\/\/www.kunstgalerie-barbara.de\/blog\/wp-content\/uploads\/2012\/10\/P1220134-Kopie-225x300.jpg 225w\" sizes=\"(max-width: 450px) 100vw, 450px\" \/><\/a> &#8230;und in Berlin Anfang der F\u00fcnfziger Rummel!<br \/>\nGenau auf diesen Rummel wollte ich als Vierj\u00e4hrige unbedingt! Wollte Kettenkarussel fahren und davor nat\u00fcrlich Bockwurst mit Senf essen und Zuckerwatte und gebrannte Mandeln und was wei\u00df ich noch alles von den lecker duftenden Leckereien! <!--more--><br \/>\nDie Reihenfolge mu\u00df irgendwie nicht besonders gut gewesen sein, denn mir wurde schon w\u00e4hrend dem Flug im bewu\u00dften Kettenkarussel spei\u00fcbel. Ich wollte nur noch runter von den fliegenden Sitzen und auf Papas Arm in Sicherheit! Mein Vater hatte mich gerade gepackt und vom Sitz gezogen, da gings los und die Leckereien verlie\u00dfen mich umgekehrter Reihenfolge und fataler Weise auf Papas Sakko und noch fataler in die Brusttasche des Sakkos!<br \/>\nDas w\u00e4re heute nicht witzig, seinerzeit in Ostberlin wars ne Katastrophe denn chemische Reinigungen gab es nicht und Wollsakkos nehmen das Waschen in Seifenlauge meist \u00e4u\u00dferst \u00fcbel. Sie pflegen hinher v\u00f6llig ihre Form zu verlieren.<br \/>\nWie meine Eltern das Problem gel\u00f6st haben ist mir nicht bekannt, ich jedoch war erst einmal vom Kettenkarussel kuriert und bin es bis heute!<\/p>\n","protected":false},"excerpt":{"rendered":"<p>&#8230;und in Berlin Anfang der F\u00fcnfziger Rummel! Genau auf diesen Rummel wollte ich als Vierj\u00e4hrige unbedingt! Wollte Kettenkarussel fahren und davor nat\u00fcrlich Bockwurst mit Senf essen und Zuckerwatte und gebrannte Mandeln und was wei\u00df ich noch alles von den lecker duftenden Leckereien!<\/p>\n","protected":false},"author":1,"featured_media":0,"comment_status":"open","ping_status":"open","sticky":false,"template":"","format":"standard","meta":{"footnotes":""},"categories":[19],"tags":[],"jetpack_featured_media_url":"","_links":{"self":[{"href":"http:\/\/www.kunstgalerie-barbara.de\/blog\/wp-json\/wp\/v2\/posts\/11359"}],"collection":[{"href":"http:\/\/www.kunstgalerie-barbara.de\/blog\/wp-json\/wp\/v2\/posts"}],"about":[{"href":"http:\/\/www.kunstgalerie-barbara.de\/blog\/wp-json\/wp\/v2\/types\/post"}],"author":[{"embeddable":true,"href":"http:\/\/www.kunstgalerie-barbara.de\/blog\/wp-json\/wp\/v2\/users\/1"}],"replies":[{"embeddable":true,"href":"http:\/\/www.kunstgalerie-barbara.de\/blog\/wp-json\/wp\/v2\/comments?post=11359"}],"version-history":[{"count":1,"href":"http:\/\/www.kunstgalerie-barbara.de\/blog\/wp-json\/wp\/v2\/posts\/11359\/revisions"}],"predecessor-version":[{"id":11364,"href":"http:\/\/www.kunstgalerie-barbara.de\/blog\/wp-json\/wp\/v2\/posts\/11359\/revisions\/11364"}],"wp:attachment":[{"href":"http:\/\/www.kunstgalerie-barbara.de\/blog\/wp-json\/wp\/v2\/media?parent=11359"}],"wp:term":[{"taxonomy":"category","embeddable":true,"href":"http:\/\/www.kunstgalerie-barbara.de\/blog\/wp-json\/wp\/v2\/categories?post=11359"},{"taxonomy":"post_tag","embeddable":true,"href":"http:\/\/www.kunstgalerie-barbara.de\/blog\/wp-json\/wp\/v2\/tags?post=11359"}],"curies":[{"name":"wp","href":"https:\/\/api.w.org\/{rel}","templated":true}]}}