{"id":11389,"date":"2012-11-05T09:40:54","date_gmt":"2012-11-05T08:40:54","guid":{"rendered":"http:\/\/www.kunstgalerie-barbara.de\/blog\/?p=11389"},"modified":"2012-11-05T09:40:54","modified_gmt":"2012-11-05T08:40:54","slug":"laub-fegen","status":"publish","type":"post","link":"http:\/\/www.kunstgalerie-barbara.de\/blog\/2012\/11\/laub-fegen\/","title":{"rendered":"Laub fegen&#8230;"},"content":{"rendered":"<p style=\"text-align: center;\"><a href=\"http:\/\/www.kunstgalerie-barbara.de\/blog\/wp-content\/uploads\/2012\/11\/P1230003-Kopie.jpg\"><img loading=\"lazy\" decoding=\"async\" class=\"aligncenter size-full wp-image-11390\" title=\"P1230003 Kopie\" src=\"http:\/\/www.kunstgalerie-barbara.de\/blog\/wp-content\/uploads\/2012\/11\/P1230003-Kopie.jpg\" alt=\"\" width=\"450\" height=\"600\" srcset=\"http:\/\/www.kunstgalerie-barbara.de\/blog\/wp-content\/uploads\/2012\/11\/P1230003-Kopie.jpg 450w, http:\/\/www.kunstgalerie-barbara.de\/blog\/wp-content\/uploads\/2012\/11\/P1230003-Kopie-225x300.jpg 225w\" sizes=\"(max-width: 450px) 100vw, 450px\" \/><\/a>&#8230; ist normalerweise fast ausschlie\u00dflich &#8220;Chefsache&#8221; also meine, selten machen sich mal meine Spr\u00f6\u00dflinge dar\u00fcber her wie gestern!<\/p>\n","protected":false},"excerpt":{"rendered":"<p>&#8230; ist normalerweise fast ausschlie\u00dflich &#8220;Chefsache&#8221; also meine, selten machen sich mal meine Spr\u00f6\u00dflinge dar\u00fcber her wie gestern!<\/p>\n","protected":false},"author":1,"featured_media":0,"comment_status":"open","ping_status":"open","sticky":false,"template":"","format":"standard","meta":{"footnotes":""},"categories":[19],"tags":[],"jetpack_featured_media_url":"","_links":{"self":[{"href":"http:\/\/www.kunstgalerie-barbara.de\/blog\/wp-json\/wp\/v2\/posts\/11389"}],"collection":[{"href":"http:\/\/www.kunstgalerie-barbara.de\/blog\/wp-json\/wp\/v2\/posts"}],"about":[{"href":"http:\/\/www.kunstgalerie-barbara.de\/blog\/wp-json\/wp\/v2\/types\/post"}],"author":[{"embeddable":true,"href":"http:\/\/www.kunstgalerie-barbara.de\/blog\/wp-json\/wp\/v2\/users\/1"}],"replies":[{"embeddable":true,"href":"http:\/\/www.kunstgalerie-barbara.de\/blog\/wp-json\/wp\/v2\/comments?post=11389"}],"version-history":[{"count":1,"href":"http:\/\/www.kunstgalerie-barbara.de\/blog\/wp-json\/wp\/v2\/posts\/11389\/revisions"}],"predecessor-version":[{"id":11391,"href":"http:\/\/www.kunstgalerie-barbara.de\/blog\/wp-json\/wp\/v2\/posts\/11389\/revisions\/11391"}],"wp:attachment":[{"href":"http:\/\/www.kunstgalerie-barbara.de\/blog\/wp-json\/wp\/v2\/media?parent=11389"}],"wp:term":[{"taxonomy":"category","embeddable":true,"href":"http:\/\/www.kunstgalerie-barbara.de\/blog\/wp-json\/wp\/v2\/categories?post=11389"},{"taxonomy":"post_tag","embeddable":true,"href":"http:\/\/www.kunstgalerie-barbara.de\/blog\/wp-json\/wp\/v2\/tags?post=11389"}],"curies":[{"name":"wp","href":"https:\/\/api.w.org\/{rel}","templated":true}]}}