{"id":11393,"date":"2012-11-06T09:48:02","date_gmt":"2012-11-06T08:48:02","guid":{"rendered":"http:\/\/www.kunstgalerie-barbara.de\/blog\/?p=11393"},"modified":"2012-11-06T09:48:29","modified_gmt":"2012-11-06T08:48:29","slug":"nicht-nur-eine-augenweide","status":"publish","type":"post","link":"http:\/\/www.kunstgalerie-barbara.de\/blog\/2012\/11\/nicht-nur-eine-augenweide\/","title":{"rendered":"Nicht nur eine Augenweide&#8230;"},"content":{"rendered":"<p style=\"text-align: center;\"><a href=\"http:\/\/www.kunstgalerie-barbara.de\/blog\/wp-content\/uploads\/2012\/11\/P1220882-Kopie.jpg\"><img loading=\"lazy\" decoding=\"async\" class=\"aligncenter size-full wp-image-11394\" title=\"P1220882 Kopie\" src=\"http:\/\/www.kunstgalerie-barbara.de\/blog\/wp-content\/uploads\/2012\/11\/P1220882-Kopie.jpg\" alt=\"\" width=\"470\" height=\"353\" srcset=\"http:\/\/www.kunstgalerie-barbara.de\/blog\/wp-content\/uploads\/2012\/11\/P1220882-Kopie.jpg 470w, http:\/\/www.kunstgalerie-barbara.de\/blog\/wp-content\/uploads\/2012\/11\/P1220882-Kopie-300x225.jpg 300w\" sizes=\"(max-width: 470px) 100vw, 470px\" \/><\/a>&#8230;ist im Herbst das abgefallene Laub! Es ist ein unglaublich wichtiger Teil unserer Natur, es versorgt unseren Boden mit wichtigen N\u00e4hrstoffen, da es \u00fcber den Winter zerf\u00e4llt und zu Kompost wird!<\/p>\n","protected":false},"excerpt":{"rendered":"<p>&#8230;ist im Herbst das abgefallene Laub! Es ist ein unglaublich wichtiger Teil unserer Natur, es versorgt unseren Boden mit wichtigen N\u00e4hrstoffen, da es \u00fcber den Winter zerf\u00e4llt und zu Kompost wird!<\/p>\n","protected":false},"author":1,"featured_media":0,"comment_status":"open","ping_status":"open","sticky":false,"template":"","format":"standard","meta":{"footnotes":""},"categories":[19],"tags":[],"jetpack_featured_media_url":"","_links":{"self":[{"href":"http:\/\/www.kunstgalerie-barbara.de\/blog\/wp-json\/wp\/v2\/posts\/11393"}],"collection":[{"href":"http:\/\/www.kunstgalerie-barbara.de\/blog\/wp-json\/wp\/v2\/posts"}],"about":[{"href":"http:\/\/www.kunstgalerie-barbara.de\/blog\/wp-json\/wp\/v2\/types\/post"}],"author":[{"embeddable":true,"href":"http:\/\/www.kunstgalerie-barbara.de\/blog\/wp-json\/wp\/v2\/users\/1"}],"replies":[{"embeddable":true,"href":"http:\/\/www.kunstgalerie-barbara.de\/blog\/wp-json\/wp\/v2\/comments?post=11393"}],"version-history":[{"count":1,"href":"http:\/\/www.kunstgalerie-barbara.de\/blog\/wp-json\/wp\/v2\/posts\/11393\/revisions"}],"predecessor-version":[{"id":11396,"href":"http:\/\/www.kunstgalerie-barbara.de\/blog\/wp-json\/wp\/v2\/posts\/11393\/revisions\/11396"}],"wp:attachment":[{"href":"http:\/\/www.kunstgalerie-barbara.de\/blog\/wp-json\/wp\/v2\/media?parent=11393"}],"wp:term":[{"taxonomy":"category","embeddable":true,"href":"http:\/\/www.kunstgalerie-barbara.de\/blog\/wp-json\/wp\/v2\/categories?post=11393"},{"taxonomy":"post_tag","embeddable":true,"href":"http:\/\/www.kunstgalerie-barbara.de\/blog\/wp-json\/wp\/v2\/tags?post=11393"}],"curies":[{"name":"wp","href":"https:\/\/api.w.org\/{rel}","templated":true}]}}