{"id":11397,"date":"2012-11-07T06:35:55","date_gmt":"2012-11-07T05:35:55","guid":{"rendered":"http:\/\/www.kunstgalerie-barbara.de\/blog\/?p=11397"},"modified":"2012-11-07T07:19:19","modified_gmt":"2012-11-07T06:19:19","slug":"winterpause","status":"publish","type":"post","link":"http:\/\/www.kunstgalerie-barbara.de\/blog\/2012\/11\/winterpause\/","title":{"rendered":"Winterpause&#8230;"},"content":{"rendered":"<p style=\"text-align: center;\"><a href=\"http:\/\/www.kunstgalerie-barbara.de\/blog\/wp-content\/uploads\/2012\/11\/P1220069-Kopie.jpg\"><img loading=\"lazy\" decoding=\"async\" class=\"aligncenter size-full wp-image-11398\" title=\"P1220069 Kopie\" src=\"http:\/\/www.kunstgalerie-barbara.de\/blog\/wp-content\/uploads\/2012\/11\/P1220069-Kopie.jpg\" alt=\"\" width=\"450\" height=\"600\" srcset=\"http:\/\/www.kunstgalerie-barbara.de\/blog\/wp-content\/uploads\/2012\/11\/P1220069-Kopie.jpg 450w, http:\/\/www.kunstgalerie-barbara.de\/blog\/wp-content\/uploads\/2012\/11\/P1220069-Kopie-225x300.jpg 225w\" sizes=\"(max-width: 450px) 100vw, 450px\" \/><\/a>&#8230;f\u00fcr die beiden Teiche in unserem Garten, denn wenn das Wasser nicht abgelassen w\u00fcrde, k\u00f6nnte es sein, dass die beiden Keramikt\u00f6pfe w\u00e4hrend des kommenden Frostes Risse bekommen und das w\u00e4re schade, denn sie w\u00e4ren fortan nicht mehr dicht und als Teiche somit ungeeignet!<\/p>\n","protected":false},"excerpt":{"rendered":"<p>&#8230;f\u00fcr die beiden Teiche in unserem Garten, denn wenn das Wasser nicht abgelassen w\u00fcrde, k\u00f6nnte es sein, dass die beiden Keramikt\u00f6pfe w\u00e4hrend des kommenden Frostes Risse bekommen und das w\u00e4re schade, denn sie w\u00e4ren fortan nicht mehr dicht und als Teiche somit ungeeignet!<\/p>\n","protected":false},"author":1,"featured_media":0,"comment_status":"open","ping_status":"open","sticky":false,"template":"","format":"standard","meta":{"footnotes":""},"categories":[26],"tags":[],"jetpack_featured_media_url":"","_links":{"self":[{"href":"http:\/\/www.kunstgalerie-barbara.de\/blog\/wp-json\/wp\/v2\/posts\/11397"}],"collection":[{"href":"http:\/\/www.kunstgalerie-barbara.de\/blog\/wp-json\/wp\/v2\/posts"}],"about":[{"href":"http:\/\/www.kunstgalerie-barbara.de\/blog\/wp-json\/wp\/v2\/types\/post"}],"author":[{"embeddable":true,"href":"http:\/\/www.kunstgalerie-barbara.de\/blog\/wp-json\/wp\/v2\/users\/1"}],"replies":[{"embeddable":true,"href":"http:\/\/www.kunstgalerie-barbara.de\/blog\/wp-json\/wp\/v2\/comments?post=11397"}],"version-history":[{"count":1,"href":"http:\/\/www.kunstgalerie-barbara.de\/blog\/wp-json\/wp\/v2\/posts\/11397\/revisions"}],"predecessor-version":[{"id":11401,"href":"http:\/\/www.kunstgalerie-barbara.de\/blog\/wp-json\/wp\/v2\/posts\/11397\/revisions\/11401"}],"wp:attachment":[{"href":"http:\/\/www.kunstgalerie-barbara.de\/blog\/wp-json\/wp\/v2\/media?parent=11397"}],"wp:term":[{"taxonomy":"category","embeddable":true,"href":"http:\/\/www.kunstgalerie-barbara.de\/blog\/wp-json\/wp\/v2\/categories?post=11397"},{"taxonomy":"post_tag","embeddable":true,"href":"http:\/\/www.kunstgalerie-barbara.de\/blog\/wp-json\/wp\/v2\/tags?post=11397"}],"curies":[{"name":"wp","href":"https:\/\/api.w.org\/{rel}","templated":true}]}}