{"id":11403,"date":"2012-11-07T13:12:12","date_gmt":"2012-11-07T12:12:12","guid":{"rendered":"http:\/\/www.kunstgalerie-barbara.de\/blog\/?p=11403"},"modified":"2012-11-07T13:12:53","modified_gmt":"2012-11-07T12:12:53","slug":"feuerwanzen","status":"publish","type":"post","link":"http:\/\/www.kunstgalerie-barbara.de\/blog\/2012\/11\/feuerwanzen\/","title":{"rendered":"Feuerwanzen&#8230;"},"content":{"rendered":"<p style=\"text-align: center;\"><a href=\"http:\/\/www.kunstgalerie-barbara.de\/blog\/wp-content\/uploads\/2012\/11\/P1210920-Kopie.jpg\"><img loading=\"lazy\" decoding=\"async\" class=\"aligncenter size-full wp-image-11404\" title=\"P1210920 Kopie\" src=\"http:\/\/www.kunstgalerie-barbara.de\/blog\/wp-content\/uploads\/2012\/11\/P1210920-Kopie.jpg\" alt=\"\" width=\"470\" height=\"353\" srcset=\"http:\/\/www.kunstgalerie-barbara.de\/blog\/wp-content\/uploads\/2012\/11\/P1210920-Kopie.jpg 470w, http:\/\/www.kunstgalerie-barbara.de\/blog\/wp-content\/uploads\/2012\/11\/P1210920-Kopie-300x225.jpg 300w\" sizes=\"(max-width: 470px) 100vw, 470px\" \/><\/a>&#8230;sehen nicht nur auff\u00e4llig und attraktiv aus, nein sie sind auch n\u00fctzlich! Sie beseitigen Aas und machen sich nicht ausschlie\u00dflich \u00fcber Stockrosen (Malvengew\u00e4chse her)<\/p>\n","protected":false},"excerpt":{"rendered":"<p>&#8230;sehen nicht nur auff\u00e4llig und attraktiv aus, nein sie sind auch n\u00fctzlich! Sie beseitigen Aas und machen sich nicht ausschlie\u00dflich \u00fcber Stockrosen (Malvengew\u00e4chse her)<\/p>\n","protected":false},"author":1,"featured_media":0,"comment_status":"open","ping_status":"open","sticky":false,"template":"","format":"standard","meta":{"footnotes":""},"categories":[26],"tags":[],"jetpack_featured_media_url":"","_links":{"self":[{"href":"http:\/\/www.kunstgalerie-barbara.de\/blog\/wp-json\/wp\/v2\/posts\/11403"}],"collection":[{"href":"http:\/\/www.kunstgalerie-barbara.de\/blog\/wp-json\/wp\/v2\/posts"}],"about":[{"href":"http:\/\/www.kunstgalerie-barbara.de\/blog\/wp-json\/wp\/v2\/types\/post"}],"author":[{"embeddable":true,"href":"http:\/\/www.kunstgalerie-barbara.de\/blog\/wp-json\/wp\/v2\/users\/1"}],"replies":[{"embeddable":true,"href":"http:\/\/www.kunstgalerie-barbara.de\/blog\/wp-json\/wp\/v2\/comments?post=11403"}],"version-history":[{"count":1,"href":"http:\/\/www.kunstgalerie-barbara.de\/blog\/wp-json\/wp\/v2\/posts\/11403\/revisions"}],"predecessor-version":[{"id":11406,"href":"http:\/\/www.kunstgalerie-barbara.de\/blog\/wp-json\/wp\/v2\/posts\/11403\/revisions\/11406"}],"wp:attachment":[{"href":"http:\/\/www.kunstgalerie-barbara.de\/blog\/wp-json\/wp\/v2\/media?parent=11403"}],"wp:term":[{"taxonomy":"category","embeddable":true,"href":"http:\/\/www.kunstgalerie-barbara.de\/blog\/wp-json\/wp\/v2\/categories?post=11403"},{"taxonomy":"post_tag","embeddable":true,"href":"http:\/\/www.kunstgalerie-barbara.de\/blog\/wp-json\/wp\/v2\/tags?post=11403"}],"curies":[{"name":"wp","href":"https:\/\/api.w.org\/{rel}","templated":true}]}}