{"id":11462,"date":"2012-11-16T15:27:06","date_gmt":"2012-11-16T14:27:06","guid":{"rendered":"http:\/\/www.kunstgalerie-barbara.de\/blog\/?p=11462"},"modified":"2012-11-16T15:27:06","modified_gmt":"2012-11-16T14:27:06","slug":"ein-garten-sollte-zu-jeder-jahreszeit-attraktiv-sein","status":"publish","type":"post","link":"http:\/\/www.kunstgalerie-barbara.de\/blog\/2012\/11\/ein-garten-sollte-zu-jeder-jahreszeit-attraktiv-sein\/","title":{"rendered":"Ein Garten sollte zu jeder Jahreszeit attraktiv sein&#8230;"},"content":{"rendered":"<p style=\"text-align: center;\"><a href=\"http:\/\/www.kunstgalerie-barbara.de\/blog\/wp-content\/uploads\/2012\/11\/B\u00e4renfellgras.jpg\"><img loading=\"lazy\" decoding=\"async\" class=\"aligncenter size-full wp-image-11463\" title=\"B\u00e4renfellgras\" src=\"http:\/\/www.kunstgalerie-barbara.de\/blog\/wp-content\/uploads\/2012\/11\/B\u00e4renfellgras.jpg\" alt=\"\" width=\"450\" height=\"600\" srcset=\"http:\/\/www.kunstgalerie-barbara.de\/blog\/wp-content\/uploads\/2012\/11\/B\u00e4renfellgras.jpg 450w, http:\/\/www.kunstgalerie-barbara.de\/blog\/wp-content\/uploads\/2012\/11\/B\u00e4renfellgras-225x300.jpg 225w\" sizes=\"(max-width: 450px) 100vw, 450px\" \/><\/a>&#8230;das Verh\u00e4ltnis von bl\u00fchenden zu nichtbl\u00fchenden aber immergr\u00fcnen Pflanzen sollte ausgewogen sein! Genau deshalb sind Gr\u00e4ser und Farne so wichtig. Sie stellen das immergr\u00fcne Element im herbstlichen und winterlichen Garten dar. Nat\u00fcrlich ist es sch\u00f6n, wenn das Auge auf etwas Bl\u00fchendes trifft aber genauso sch\u00f6n kann es sein, seinen Blick auf den unterschiedlichen Gr\u00fcnnuancen und unterschiedlichen Strukturen von Farnen, Gr\u00e4sern, Buchsbaum und Rhododendren ruhen zu lassen und sich daran zu freuen.<\/p>\n","protected":false},"excerpt":{"rendered":"<p>&#8230;das Verh\u00e4ltnis von bl\u00fchenden zu nichtbl\u00fchenden aber immergr\u00fcnen Pflanzen sollte ausgewogen sein! Genau deshalb sind Gr\u00e4ser und Farne so wichtig. Sie stellen das immergr\u00fcne Element im herbstlichen und winterlichen Garten dar. Nat\u00fcrlich ist es sch\u00f6n, wenn das Auge auf etwas Bl\u00fchendes trifft aber genauso sch\u00f6n kann es sein, seinen Blick auf den unterschiedlichen Gr\u00fcnnuancen und unterschiedlichen Strukturen von Farnen, Gr\u00e4sern, Buchsbaum und Rhododendren ruhen zu lassen und sich daran zu freuen.<\/p>\n","protected":false},"author":1,"featured_media":0,"comment_status":"open","ping_status":"open","sticky":false,"template":"","format":"standard","meta":{"footnotes":""},"categories":[26],"tags":[],"jetpack_featured_media_url":"","_links":{"self":[{"href":"http:\/\/www.kunstgalerie-barbara.de\/blog\/wp-json\/wp\/v2\/posts\/11462"}],"collection":[{"href":"http:\/\/www.kunstgalerie-barbara.de\/blog\/wp-json\/wp\/v2\/posts"}],"about":[{"href":"http:\/\/www.kunstgalerie-barbara.de\/blog\/wp-json\/wp\/v2\/types\/post"}],"author":[{"embeddable":true,"href":"http:\/\/www.kunstgalerie-barbara.de\/blog\/wp-json\/wp\/v2\/users\/1"}],"replies":[{"embeddable":true,"href":"http:\/\/www.kunstgalerie-barbara.de\/blog\/wp-json\/wp\/v2\/comments?post=11462"}],"version-history":[{"count":1,"href":"http:\/\/www.kunstgalerie-barbara.de\/blog\/wp-json\/wp\/v2\/posts\/11462\/revisions"}],"predecessor-version":[{"id":11466,"href":"http:\/\/www.kunstgalerie-barbara.de\/blog\/wp-json\/wp\/v2\/posts\/11462\/revisions\/11466"}],"wp:attachment":[{"href":"http:\/\/www.kunstgalerie-barbara.de\/blog\/wp-json\/wp\/v2\/media?parent=11462"}],"wp:term":[{"taxonomy":"category","embeddable":true,"href":"http:\/\/www.kunstgalerie-barbara.de\/blog\/wp-json\/wp\/v2\/categories?post=11462"},{"taxonomy":"post_tag","embeddable":true,"href":"http:\/\/www.kunstgalerie-barbara.de\/blog\/wp-json\/wp\/v2\/tags?post=11462"}],"curies":[{"name":"wp","href":"https:\/\/api.w.org\/{rel}","templated":true}]}}