{"id":11574,"date":"2012-11-30T10:32:27","date_gmt":"2012-11-30T09:32:27","guid":{"rendered":"http:\/\/www.kunstgalerie-barbara.de\/blog\/?p=11574"},"modified":"2021-06-25T07:01:03","modified_gmt":"2021-06-25T05:01:03","slug":"muessen-wale-abgeschachtet-werden-um-auf-der-muellkippe-oder-in-fischmehlfabriken-zu-landen","status":"publish","type":"post","link":"http:\/\/www.kunstgalerie-barbara.de\/blog\/2012\/11\/muessen-wale-abgeschachtet-werden-um-auf-der-muellkippe-oder-in-fischmehlfabriken-zu-landen\/","title":{"rendered":"M\u00fcssen Wale abgeschlachtet werden um auf der M\u00fcllkippe oder in Fischmehlfabriken zu landen&#8230;"},"content":{"rendered":"<p><strong>\u20262012 wurden allein auf den Faroer-Inseln, die zu D\u00e4nemark geh\u00f6ren, mehr als 700 Wale get\u00f6tet\u00a0 nicht um auf Tellern von Menschen zu landen, denn die Tiere sind hoch mit Schwermetallen belastet und niemand w\u00fcrde sie vermutlich freiwillig essen! Der Fang und das grausame Abschlachten der relativ kleinen Walart scheint auf den Faroer Inseln zum Volkssport zu geh\u00f6ren! Blutige Bilanz: Mehr als 700 get\u00f6tete Wale auf den F\u00e4r\u00f6er Inseln in 2012<\/strong><\/p>\n<header>\n<aside><\/aside>\n<\/header>\n<p>\u00a9 Erik Christensen<\/p>\n<div>\n<p>Am vergangenen Wochenende wurde der 709. Wal in 2012 auf den F\u00e4r\u00f6er Inseln erlegt. Der gnadenlose Walfang erstreckte sich von Mai bis November \u2013 beim blutigen Gemetzel am Samstag erwischte es 45 Wale.<\/p>\n<p>In <a href=\"http:\/\/www.heimabeiti.fo\/default.asp?menu=125\" target=\"_blank\" rel=\"noopener\">dieser Tabelle <\/a>sind Ort, Datum, Todeszahlen der vergangenen Jahre aufgelistet.<\/p>\n<p>Alle weiteren Informationen zu den grausamen Schlachtungen auf den F\u00e4r\u00f6er Inseln k\u00f6nnt ihr <a href=\"http:\/\/www.veganblog.de\/2012\/04\/30\/stopp-walmassaker-auf-den-faroer-inseln\/\" target=\"_blank\" rel=\"noopener\">unserem Blogeintrag<\/a> vom April (\u201cSaisonstart\u201d) entnehmen. Wenn du mithelfen willst, dass es kein 710. Opfer gibt , protestiere bitte heute noch bei den zust\u00e4ndigen Politikern. Hier geht\u2019s zu <a href=\"http:\/\/www.peta.de\/walefaroe\" target=\"_blank\" rel=\"noopener\">unserem Online-Aufruf<\/a>!<\/p>\n<\/div>\n<p><a href=\"http:\/\/www.oceancare.org\/de\/thementiere\/walfang\/Walfang_20051016.php?kat=walfang\">http:\/\/www.oceancare.org\/de\/thementiere\/walfang\/Walfang_20051016.php?kat=walfang<\/a><\/p>\n<p>&nbsp;<\/p>\n","protected":false},"excerpt":{"rendered":"<p>\u20262012 wurden allein auf den Faroer-Inseln, die zu D\u00e4nemark geh\u00f6ren, mehr als 700 Wale get\u00f6tet\u00a0 nicht um auf Tellern von Menschen zu landen, denn die Tiere sind hoch mit Schwermetallen belastet und niemand w\u00fcrde sie vermutlich freiwillig essen! Der Fang und das grausame Abschlachten der relativ kleinen Walart scheint auf den Faroer Inseln zum Volkssport zu geh\u00f6ren! Blutige Bilanz: Mehr als 700 get\u00f6tete Wale auf den F\u00e4r\u00f6er Inseln in 2012 \u00a9 Erik Christensen Am vergangenen Wochenende wurde der 709. Wal in 2012 auf den F\u00e4r\u00f6er Inseln erlegt. Der gnadenlose Walfang erstreckte sich von Mai bis November \u2013 beim blutigen Gemetzel am Samstag erwischte es 45 Wale. In dieser Tabelle sind Ort, Datum, Todeszahlen der vergangenen Jahre aufgelistet. Alle weiteren Informationen zu den grausamen Schlachtungen auf den F\u00e4r\u00f6er Inseln k\u00f6nnt ihr unserem Blogeintrag vom April (\u201cSaisonstart\u201d) entnehmen. Wenn du mithelfen willst, dass es kein 710. Opfer gibt , protestiere bitte heute noch bei den zust\u00e4ndigen Politikern. Hier geht\u2019s zu unserem Online-Aufruf! http:\/\/www.oceancare.org\/de\/thementiere\/walfang\/Walfang_20051016.php?kat=walfang &nbsp;<\/p>\n","protected":false},"author":1,"featured_media":0,"comment_status":"open","ping_status":"open","sticky":false,"template":"","format":"standard","meta":{"footnotes":""},"categories":[42],"tags":[],"jetpack_featured_media_url":"","_links":{"self":[{"href":"http:\/\/www.kunstgalerie-barbara.de\/blog\/wp-json\/wp\/v2\/posts\/11574"}],"collection":[{"href":"http:\/\/www.kunstgalerie-barbara.de\/blog\/wp-json\/wp\/v2\/posts"}],"about":[{"href":"http:\/\/www.kunstgalerie-barbara.de\/blog\/wp-json\/wp\/v2\/types\/post"}],"author":[{"embeddable":true,"href":"http:\/\/www.kunstgalerie-barbara.de\/blog\/wp-json\/wp\/v2\/users\/1"}],"replies":[{"embeddable":true,"href":"http:\/\/www.kunstgalerie-barbara.de\/blog\/wp-json\/wp\/v2\/comments?post=11574"}],"version-history":[{"count":3,"href":"http:\/\/www.kunstgalerie-barbara.de\/blog\/wp-json\/wp\/v2\/posts\/11574\/revisions"}],"predecessor-version":[{"id":22388,"href":"http:\/\/www.kunstgalerie-barbara.de\/blog\/wp-json\/wp\/v2\/posts\/11574\/revisions\/22388"}],"wp:attachment":[{"href":"http:\/\/www.kunstgalerie-barbara.de\/blog\/wp-json\/wp\/v2\/media?parent=11574"}],"wp:term":[{"taxonomy":"category","embeddable":true,"href":"http:\/\/www.kunstgalerie-barbara.de\/blog\/wp-json\/wp\/v2\/categories?post=11574"},{"taxonomy":"post_tag","embeddable":true,"href":"http:\/\/www.kunstgalerie-barbara.de\/blog\/wp-json\/wp\/v2\/tags?post=11574"}],"curies":[{"name":"wp","href":"https:\/\/api.w.org\/{rel}","templated":true}]}}