{"id":11621,"date":"2012-12-03T09:46:37","date_gmt":"2012-12-03T08:46:37","guid":{"rendered":"http:\/\/www.kunstgalerie-barbara.de\/blog\/?p=11621"},"modified":"2012-12-03T09:46:52","modified_gmt":"2012-12-03T08:46:52","slug":"weihnachtswichtel","status":"publish","type":"post","link":"http:\/\/www.kunstgalerie-barbara.de\/blog\/2012\/12\/weihnachtswichtel\/","title":{"rendered":"Weihnachtswichtel&#8230;"},"content":{"rendered":"<p><a href=\"http:\/\/www.kunstgalerie-barbara.de\/blog\/wp-content\/uploads\/2012\/12\/P1230596-Kopie1.jpg\"><img loading=\"lazy\" decoding=\"async\" title=\"P1230596 Kopie\" src=\"http:\/\/www.kunstgalerie-barbara.de\/blog\/wp-content\/uploads\/2012\/12\/P1230596-Kopie1.jpg\" alt=\"\" width=\"450\" height=\"600\" \/><\/a>&#8230; spielten bei den\u00a0 Weihnachtesfesten mit\u00a0 meinen beiden Kindern eine gro\u00dfe Rolle, denn die Wichtel und selbstverst\u00e4ndlich nicht der Weihnachtsmann brachte die Geschenke! Weihnachtswichtel k\u00f6nnen n\u00e4mlich im Gegensatz zu den dicken gro\u00dfen Weihnachtsm\u00e4nnern, die mit Vorliebe Schornsteine benutzen, durch Schl\u00fcssell\u00f6cher kommen und gehen. Sie sind nicht furchteinfl\u00f6\u00dfend gro\u00df wie die rotbewandeten wei\u00dfb\u00e4rtigen Kollegen, sondern sympatisch klein und unsichtbar und agieren praktischerweise im Verborgenen!<\/p>\n","protected":false},"excerpt":{"rendered":"<p>&#8230; spielten bei den\u00a0 Weihnachtesfesten mit\u00a0 meinen beiden Kindern eine gro\u00dfe Rolle, denn die Wichtel und selbstverst\u00e4ndlich nicht der Weihnachtsmann brachte die Geschenke! Weihnachtswichtel k\u00f6nnen n\u00e4mlich im Gegensatz zu den dicken gro\u00dfen Weihnachtsm\u00e4nnern, die mit Vorliebe Schornsteine benutzen, durch Schl\u00fcssell\u00f6cher kommen und gehen. Sie sind nicht furchteinfl\u00f6\u00dfend gro\u00df wie die rotbewandeten wei\u00dfb\u00e4rtigen Kollegen, sondern sympatisch klein und unsichtbar und agieren praktischerweise im Verborgenen!<\/p>\n","protected":false},"author":1,"featured_media":0,"comment_status":"open","ping_status":"open","sticky":false,"template":"","format":"standard","meta":{"footnotes":""},"categories":[19,52],"tags":[],"jetpack_featured_media_url":"","_links":{"self":[{"href":"http:\/\/www.kunstgalerie-barbara.de\/blog\/wp-json\/wp\/v2\/posts\/11621"}],"collection":[{"href":"http:\/\/www.kunstgalerie-barbara.de\/blog\/wp-json\/wp\/v2\/posts"}],"about":[{"href":"http:\/\/www.kunstgalerie-barbara.de\/blog\/wp-json\/wp\/v2\/types\/post"}],"author":[{"embeddable":true,"href":"http:\/\/www.kunstgalerie-barbara.de\/blog\/wp-json\/wp\/v2\/users\/1"}],"replies":[{"embeddable":true,"href":"http:\/\/www.kunstgalerie-barbara.de\/blog\/wp-json\/wp\/v2\/comments?post=11621"}],"version-history":[{"count":1,"href":"http:\/\/www.kunstgalerie-barbara.de\/blog\/wp-json\/wp\/v2\/posts\/11621\/revisions"}],"predecessor-version":[{"id":11623,"href":"http:\/\/www.kunstgalerie-barbara.de\/blog\/wp-json\/wp\/v2\/posts\/11621\/revisions\/11623"}],"wp:attachment":[{"href":"http:\/\/www.kunstgalerie-barbara.de\/blog\/wp-json\/wp\/v2\/media?parent=11621"}],"wp:term":[{"taxonomy":"category","embeddable":true,"href":"http:\/\/www.kunstgalerie-barbara.de\/blog\/wp-json\/wp\/v2\/categories?post=11621"},{"taxonomy":"post_tag","embeddable":true,"href":"http:\/\/www.kunstgalerie-barbara.de\/blog\/wp-json\/wp\/v2\/tags?post=11621"}],"curies":[{"name":"wp","href":"https:\/\/api.w.org\/{rel}","templated":true}]}}