{"id":11717,"date":"2012-12-18T08:05:36","date_gmt":"2012-12-18T07:05:36","guid":{"rendered":"http:\/\/www.kunstgalerie-barbara.de\/blog\/?p=11717"},"modified":"2012-12-31T18:42:55","modified_gmt":"2012-12-31T17:42:55","slug":"wir-muessen-nicht-nach-afrika-oder-indien-schauen-um-kinderarmut-und-verwahrlosung-zu-sehen","status":"publish","type":"post","link":"http:\/\/www.kunstgalerie-barbara.de\/blog\/2012\/12\/wir-muessen-nicht-nach-afrika-oder-indien-schauen-um-kinderarmut-und-verwahrlosung-zu-sehen\/","title":{"rendered":"Wir m\u00fcssen nicht nach Afrika oder Indien schauen, um Kinderarmut und Verwahrlosung zu sehen&#8230;"},"content":{"rendered":"<p>&#8230;hier mitten in Deutschland gibt es genug davon!<br \/>\nBernd Siggelkow und sein Arche-Projekt k\u00fcmmert sich mit beispiellosem Einsatz um diese vernachl\u00e4ssigten Kinder und das nicht nur in Berlin! In vielen deutschen St\u00e4dten gibt es inzwischen eine Arche, in der Kinder denen es nicht so gut geht Zuflucht finden k\u00f6nnen und mit ihren Sorgen und \u00c4ngsten ernst genommen werden!<\/p>\n<p><a href=\"http:\/\/www.kinderprojekt-arche.de\/\">http:\/\/www.kinderprojekt-arche.de\/<\/a><\/p>\n","protected":false},"excerpt":{"rendered":"<p>&#8230;hier mitten in Deutschland gibt es genug davon! Bernd Siggelkow und sein Arche-Projekt k\u00fcmmert sich mit beispiellosem Einsatz um diese vernachl\u00e4ssigten Kinder und das nicht nur in Berlin! In vielen deutschen St\u00e4dten gibt es inzwischen eine Arche, in der Kinder denen es nicht so gut geht Zuflucht finden k\u00f6nnen und mit ihren Sorgen und \u00c4ngsten ernst genommen werden! http:\/\/www.kinderprojekt-arche.de\/<\/p>\n","protected":false},"author":1,"featured_media":0,"comment_status":"open","ping_status":"open","sticky":false,"template":"","format":"standard","meta":{"footnotes":""},"categories":[42],"tags":[],"jetpack_featured_media_url":"","_links":{"self":[{"href":"http:\/\/www.kunstgalerie-barbara.de\/blog\/wp-json\/wp\/v2\/posts\/11717"}],"collection":[{"href":"http:\/\/www.kunstgalerie-barbara.de\/blog\/wp-json\/wp\/v2\/posts"}],"about":[{"href":"http:\/\/www.kunstgalerie-barbara.de\/blog\/wp-json\/wp\/v2\/types\/post"}],"author":[{"embeddable":true,"href":"http:\/\/www.kunstgalerie-barbara.de\/blog\/wp-json\/wp\/v2\/users\/1"}],"replies":[{"embeddable":true,"href":"http:\/\/www.kunstgalerie-barbara.de\/blog\/wp-json\/wp\/v2\/comments?post=11717"}],"version-history":[{"count":1,"href":"http:\/\/www.kunstgalerie-barbara.de\/blog\/wp-json\/wp\/v2\/posts\/11717\/revisions"}],"predecessor-version":[{"id":11899,"href":"http:\/\/www.kunstgalerie-barbara.de\/blog\/wp-json\/wp\/v2\/posts\/11717\/revisions\/11899"}],"wp:attachment":[{"href":"http:\/\/www.kunstgalerie-barbara.de\/blog\/wp-json\/wp\/v2\/media?parent=11717"}],"wp:term":[{"taxonomy":"category","embeddable":true,"href":"http:\/\/www.kunstgalerie-barbara.de\/blog\/wp-json\/wp\/v2\/categories?post=11717"},{"taxonomy":"post_tag","embeddable":true,"href":"http:\/\/www.kunstgalerie-barbara.de\/blog\/wp-json\/wp\/v2\/tags?post=11717"}],"curies":[{"name":"wp","href":"https:\/\/api.w.org\/{rel}","templated":true}]}}