{"id":11779,"date":"2012-12-19T09:25:39","date_gmt":"2012-12-19T08:25:39","guid":{"rendered":"http:\/\/www.kunstgalerie-barbara.de\/blog\/?p=11779"},"modified":"2012-12-19T10:13:33","modified_gmt":"2012-12-19T09:13:33","slug":"die-abschaffung-von-kinderarbeit-in-der-kakaoernte","status":"publish","type":"post","link":"http:\/\/www.kunstgalerie-barbara.de\/blog\/2012\/12\/die-abschaffung-von-kinderarbeit-in-der-kakaoernte\/","title":{"rendered":"Die Abschaffung von Kinderarbeit in der Kakaoernte&#8230;"},"content":{"rendered":"<p>ist leider nur eine Sympthomverschiebung, denn wenn die Kakaobauern der Elfenbeink\u00fcste besser f\u00fcr ihre Produkte entlohnt w\u00fcrden, w\u00fcrden automatisch weniger Kinder f\u00fcr die Ernte besch\u00e4ftigt werden.<\/p>\n<p><a href=\"http:\/\/mediathek.daserste.de\/sendungen_a-z\/799280_reportage-dokumentation\/12829276_schmutzige-schokolade-ii\">http:\/\/www.ndr.de\/fernsehen\/sendungen\/45_min\/videos\/minuten257.html<\/a><\/p>\n<p><a href=\"http:\/\/www.greenpeacemagazin.de\/index.php?id=5752\">http:\/\/www.greenpeacemagazin.de\/index.php?id=5752<\/a><\/p>\n<p><!--more--> In sogenannten DRITTE-WELT-L\u00c4NDERN tr\u00e4gt Kinderarbeit ganz entscheidend zum Erhalt der Familien bei. Und diesen Familien ist es selbstverst\u00e4ndlich wichtiger Geld zu haben und sich etwas zu essen kaufen zu k\u00f6nnen, als ihre Kinder regelm\u00e4\u00dfig zur Schule zu schicken. Der regelm\u00e4\u00dfige Schulbesuch ist ein Luxus, der auch hier in Europa allen\u00a0 Kindern noch nicht so wahnsinng lange zur Verf\u00fcgung steht.<br \/>\nIm Neunzehnten Jahrhundert\u00a0 beispielsweise mu\u00dften Kinder auf den Bauerh\u00f6fen ihrer Eltern noch \u00fcberall in Europa hart mitarbeiten. Ein regelm\u00e4\u00dfiger Schulbesuch hatte selbstverst\u00e4ndlich nicht erste Priorit\u00e4t.<br \/>\nAuch meine Freundin Anita hatte mit ihren zehn Jahren, trotz Schulbesuch\u00a0 1956, also etwa hundert Jahre sp\u00e4ter, auf dem Klein-Bauernhof ihrer Eltern ihre t\u00e4glichen Aufgaben, wie den Stall auszumisten und K\u00fche zu h\u00fcten und sie wurde selbstverst\u00e4ndlich daf\u00fcr nicht bezahlt, da ihre Eltern sich eh am\u00a0 wirtschaftlichen Existensminimum bewegten!<\/p>\n<p>&nbsp;<\/p>\n","protected":false},"excerpt":{"rendered":"<p>ist leider nur eine Sympthomverschiebung, denn wenn die Kakaobauern der Elfenbeink\u00fcste besser f\u00fcr ihre Produkte entlohnt w\u00fcrden, w\u00fcrden automatisch weniger Kinder f\u00fcr die Ernte besch\u00e4ftigt werden. http:\/\/www.ndr.de\/fernsehen\/sendungen\/45_min\/videos\/minuten257.html http:\/\/www.greenpeacemagazin.de\/index.php?id=5752<\/p>\n","protected":false},"author":1,"featured_media":0,"comment_status":"open","ping_status":"open","sticky":false,"template":"","format":"standard","meta":{"footnotes":""},"categories":[42,40],"tags":[],"jetpack_featured_media_url":"","_links":{"self":[{"href":"http:\/\/www.kunstgalerie-barbara.de\/blog\/wp-json\/wp\/v2\/posts\/11779"}],"collection":[{"href":"http:\/\/www.kunstgalerie-barbara.de\/blog\/wp-json\/wp\/v2\/posts"}],"about":[{"href":"http:\/\/www.kunstgalerie-barbara.de\/blog\/wp-json\/wp\/v2\/types\/post"}],"author":[{"embeddable":true,"href":"http:\/\/www.kunstgalerie-barbara.de\/blog\/wp-json\/wp\/v2\/users\/1"}],"replies":[{"embeddable":true,"href":"http:\/\/www.kunstgalerie-barbara.de\/blog\/wp-json\/wp\/v2\/comments?post=11779"}],"version-history":[{"count":1,"href":"http:\/\/www.kunstgalerie-barbara.de\/blog\/wp-json\/wp\/v2\/posts\/11779\/revisions"}],"predecessor-version":[{"id":11797,"href":"http:\/\/www.kunstgalerie-barbara.de\/blog\/wp-json\/wp\/v2\/posts\/11779\/revisions\/11797"}],"wp:attachment":[{"href":"http:\/\/www.kunstgalerie-barbara.de\/blog\/wp-json\/wp\/v2\/media?parent=11779"}],"wp:term":[{"taxonomy":"category","embeddable":true,"href":"http:\/\/www.kunstgalerie-barbara.de\/blog\/wp-json\/wp\/v2\/categories?post=11779"},{"taxonomy":"post_tag","embeddable":true,"href":"http:\/\/www.kunstgalerie-barbara.de\/blog\/wp-json\/wp\/v2\/tags?post=11779"}],"curies":[{"name":"wp","href":"https:\/\/api.w.org\/{rel}","templated":true}]}}