{"id":11820,"date":"2012-12-23T11:41:53","date_gmt":"2012-12-23T10:41:53","guid":{"rendered":"http:\/\/www.kunstgalerie-barbara.de\/blog\/?p=11820"},"modified":"2012-12-31T18:40:50","modified_gmt":"2012-12-31T17:40:50","slug":"zum-dessert-heisse-sckokolade-mit-sahnehaeupchen-und-ein-stueck-marmorkuchen","status":"publish","type":"post","link":"http:\/\/www.kunstgalerie-barbara.de\/blog\/2012\/12\/zum-dessert-heisse-sckokolade-mit-sahnehaeupchen-und-ein-stueck-marmorkuchen\/","title":{"rendered":"Zum Dessert hei\u00dfe Schokolade mit Sahneh\u00e4ubchen und ein St\u00fcck Marmorkuchen&#8230;"},"content":{"rendered":"<p style=\"text-align: center;\"><a href=\"http:\/\/www.kunstgalerie-barbara.de\/blog\/wp-content\/uploads\/2012\/12\/P1220205-Kopie.jpg\"><img loading=\"lazy\" decoding=\"async\" class=\"aligncenter size-full wp-image-11821\" title=\"P1220205 Kopie\" src=\"http:\/\/www.kunstgalerie-barbara.de\/blog\/wp-content\/uploads\/2012\/12\/P1220205-Kopie.jpg\" alt=\"\" width=\"470\" height=\"353\" srcset=\"http:\/\/www.kunstgalerie-barbara.de\/blog\/wp-content\/uploads\/2012\/12\/P1220205-Kopie.jpg 470w, http:\/\/www.kunstgalerie-barbara.de\/blog\/wp-content\/uploads\/2012\/12\/P1220205-Kopie-300x225.jpg 300w\" sizes=\"(max-width: 470px) 100vw, 470px\" \/><\/a>geht so:<br \/>\n<!--more--><\/p>\n<p><strong><em>Marmorkuchen geht so:Vollkornmehl fein gemahlen 100 Gramm<\/em><\/strong><br \/>\n<strong><em> Mehl 1050: 300 Gramm<\/em><\/strong><br \/>\n<strong><em> vier Eier<\/em><\/strong><br \/>\n<strong><em> Raps\u00f6l: 150 Gramm<\/em><\/strong><br \/>\n<strong><em> Vollrohrzucker: 100-150 Gramm<\/em><\/strong><br \/>\n<strong><em> Vier geh\u00e4ufte E\u00dfl\u00f6ffel Kakaopulver<\/em><\/strong><br \/>\n<strong><em> Vanillepulver: nach Geschmack<\/em><\/strong><br \/>\n<strong><em> Zimt: ein Teel\u00f6ffel<\/em><\/strong><br \/>\n<strong><em> Nelkenpulver: eine Prise<\/em><\/strong><br \/>\n<strong><em>1P\u00e4ckchen Backpulver<\/em><\/strong><\/p>\n<p><strong><em>Mehl mit Eiern,\u00d6l, Backpulver, Gew\u00fcrzen, Zucker in der K\u00fcchenmaschine verr\u00fchren! Sollte er zu fest sein ein wenig Wasser hinzuf\u00fcgen. Dreiviertel de Teiges in eine vorher mit \u00d6l ausgepinselte Kastenform f\u00fcllen. Dem restlichen Teig zwei geh\u00e4ufte E\u00dfl\u00f6ffel Kakaopulver und ein wenig Wasser zuf\u00fcgen und nochmals in der K\u00fcchenmaschine durchr\u00fchren, den Schokoteig auf dem hellen Teig verteilen und kurz mit einer Gabel unterheben. Im Backofen bei 200\u00b0 50 Minuten backen. Abk\u00fchlen lassen und Kuchen mit Schokoglasur \u00fcberziehen!<\/em><\/strong><\/p>\n<p><strong><em>Guten Appetit!<\/em><\/strong><\/p>\n<div><\/div>\n","protected":false},"excerpt":{"rendered":"<p>geht so:<\/p>\n","protected":false},"author":1,"featured_media":0,"comment_status":"open","ping_status":"open","sticky":false,"template":"","format":"standard","meta":{"footnotes":""},"categories":[27],"tags":[],"jetpack_featured_media_url":"","_links":{"self":[{"href":"http:\/\/www.kunstgalerie-barbara.de\/blog\/wp-json\/wp\/v2\/posts\/11820"}],"collection":[{"href":"http:\/\/www.kunstgalerie-barbara.de\/blog\/wp-json\/wp\/v2\/posts"}],"about":[{"href":"http:\/\/www.kunstgalerie-barbara.de\/blog\/wp-json\/wp\/v2\/types\/post"}],"author":[{"embeddable":true,"href":"http:\/\/www.kunstgalerie-barbara.de\/blog\/wp-json\/wp\/v2\/users\/1"}],"replies":[{"embeddable":true,"href":"http:\/\/www.kunstgalerie-barbara.de\/blog\/wp-json\/wp\/v2\/comments?post=11820"}],"version-history":[{"count":1,"href":"http:\/\/www.kunstgalerie-barbara.de\/blog\/wp-json\/wp\/v2\/posts\/11820\/revisions"}],"predecessor-version":[{"id":11897,"href":"http:\/\/www.kunstgalerie-barbara.de\/blog\/wp-json\/wp\/v2\/posts\/11820\/revisions\/11897"}],"wp:attachment":[{"href":"http:\/\/www.kunstgalerie-barbara.de\/blog\/wp-json\/wp\/v2\/media?parent=11820"}],"wp:term":[{"taxonomy":"category","embeddable":true,"href":"http:\/\/www.kunstgalerie-barbara.de\/blog\/wp-json\/wp\/v2\/categories?post=11820"},{"taxonomy":"post_tag","embeddable":true,"href":"http:\/\/www.kunstgalerie-barbara.de\/blog\/wp-json\/wp\/v2\/tags?post=11820"}],"curies":[{"name":"wp","href":"https:\/\/api.w.org\/{rel}","templated":true}]}}