{"id":11860,"date":"2012-12-28T10:11:06","date_gmt":"2012-12-28T09:11:06","guid":{"rendered":"http:\/\/www.kunstgalerie-barbara.de\/blog\/?p=11860"},"modified":"2012-12-28T10:11:06","modified_gmt":"2012-12-28T09:11:06","slug":"pfannenpasta","status":"publish","type":"post","link":"http:\/\/www.kunstgalerie-barbara.de\/blog\/2012\/12\/pfannenpasta\/","title":{"rendered":"Pfannenpasta&#8230;."},"content":{"rendered":"<p style=\"text-align: center;\"><a href=\"http:\/\/www.kunstgalerie-barbara.de\/blog\/wp-content\/uploads\/2012\/12\/DSC_0267-Kopie.jpg\"><img loading=\"lazy\" decoding=\"async\" class=\"aligncenter size-full wp-image-11861\" title=\"DSC_0267 Kopie\" src=\"http:\/\/www.kunstgalerie-barbara.de\/blog\/wp-content\/uploads\/2012\/12\/DSC_0267-Kopie.jpg\" alt=\"\" width=\"399\" height=\"600\" srcset=\"http:\/\/www.kunstgalerie-barbara.de\/blog\/wp-content\/uploads\/2012\/12\/DSC_0267-Kopie.jpg 399w, http:\/\/www.kunstgalerie-barbara.de\/blog\/wp-content\/uploads\/2012\/12\/DSC_0267-Kopie-199x300.jpg 199w\" sizes=\"(max-width: 399px) 100vw, 399px\" \/><\/a>geht so:<!--more--><em><strong>Eine Aubergine, eine mittelgro\u00dfe Zuchini, zwei Paprikaschoten, 250 Gramm Champinons, kleingeschnitten und zusammen mit Gem\u00fcsebr\u00fche, gerebbeltem Oregano, einer handvoll eingelegter Oliven, einiger Scheiben Pepperoni, drei gro\u00dfen und Scheiben geschnittene Knoblauchzehen, einen guten Schu\u00df Wei\u00dfwein vermischt mit etwas Wasser weichd\u00fcnsten. Dann eine kleine Dose Pizzatomaten und ein St\u00fcck Butter zur Verfeinerung hinzuf\u00fcgen. Die inzwischen gegarten Pasta\u00a0 unter das gegarte Gem\u00fcse heben.<\/strong><\/em><\/p>\n<p style=\"text-align: center;\"><em><strong>Guten Appetit!<\/strong><\/em><\/p>\n<p style=\"text-align: center;\">\n","protected":false},"excerpt":{"rendered":"<p>geht so:<\/p>\n","protected":false},"author":1,"featured_media":0,"comment_status":"open","ping_status":"open","sticky":false,"template":"","format":"standard","meta":{"footnotes":""},"categories":[27],"tags":[],"jetpack_featured_media_url":"","_links":{"self":[{"href":"http:\/\/www.kunstgalerie-barbara.de\/blog\/wp-json\/wp\/v2\/posts\/11860"}],"collection":[{"href":"http:\/\/www.kunstgalerie-barbara.de\/blog\/wp-json\/wp\/v2\/posts"}],"about":[{"href":"http:\/\/www.kunstgalerie-barbara.de\/blog\/wp-json\/wp\/v2\/types\/post"}],"author":[{"embeddable":true,"href":"http:\/\/www.kunstgalerie-barbara.de\/blog\/wp-json\/wp\/v2\/users\/1"}],"replies":[{"embeddable":true,"href":"http:\/\/www.kunstgalerie-barbara.de\/blog\/wp-json\/wp\/v2\/comments?post=11860"}],"version-history":[{"count":1,"href":"http:\/\/www.kunstgalerie-barbara.de\/blog\/wp-json\/wp\/v2\/posts\/11860\/revisions"}],"predecessor-version":[{"id":11862,"href":"http:\/\/www.kunstgalerie-barbara.de\/blog\/wp-json\/wp\/v2\/posts\/11860\/revisions\/11862"}],"wp:attachment":[{"href":"http:\/\/www.kunstgalerie-barbara.de\/blog\/wp-json\/wp\/v2\/media?parent=11860"}],"wp:term":[{"taxonomy":"category","embeddable":true,"href":"http:\/\/www.kunstgalerie-barbara.de\/blog\/wp-json\/wp\/v2\/categories?post=11860"},{"taxonomy":"post_tag","embeddable":true,"href":"http:\/\/www.kunstgalerie-barbara.de\/blog\/wp-json\/wp\/v2\/tags?post=11860"}],"curies":[{"name":"wp","href":"https:\/\/api.w.org\/{rel}","templated":true}]}}