{"id":11894,"date":"2012-12-31T18:38:58","date_gmt":"2012-12-31T17:38:58","guid":{"rendered":"http:\/\/www.kunstgalerie-barbara.de\/blog\/?p=11894"},"modified":"2013-01-11T09:41:40","modified_gmt":"2013-01-11T08:41:40","slug":"fliederbeer-sylvesterpunsch","status":"publish","type":"post","link":"http:\/\/www.kunstgalerie-barbara.de\/blog\/2012\/12\/fliederbeer-sylvesterpunsch\/","title":{"rendered":"Fliederbeerpunsch&#8230;"},"content":{"rendered":"<p style=\"text-align: center;\"><a href=\"http:\/\/www.kunstgalerie-barbara.de\/blog\/wp-content\/uploads\/2012\/12\/P1240847-Kopie.jpg\"><img loading=\"lazy\" decoding=\"async\" class=\"aligncenter size-full wp-image-11967\" title=\"P1240847 Kopie\" src=\"http:\/\/www.kunstgalerie-barbara.de\/blog\/wp-content\/uploads\/2012\/12\/P1240847-Kopie.jpg\" alt=\"\" width=\"400\" height=\"600\" srcset=\"http:\/\/www.kunstgalerie-barbara.de\/blog\/wp-content\/uploads\/2012\/12\/P1240847-Kopie.jpg 400w, http:\/\/www.kunstgalerie-barbara.de\/blog\/wp-content\/uploads\/2012\/12\/P1240847-Kopie-200x300.jpg 200w\" sizes=\"(max-width: 400px) 100vw, 400px\" \/><\/a>geht so:<!--more-->Einen halben Liter Holunderbeersaft, einen halben Liter Orangensaft, einen halben Liter Kirschsaft oder Apfelsaft je nachdem was verf\u00fcgbar. Einen Teel. pulverisierten Zimt, einen halben Teel. Nelkenpulver, Vanillepulver oder das ausgeschabte Innere einer Vanillestange, drei E\u00dfl. Honig, ein E\u00dfl. Vollrohrzucker. Mandarinenst\u00fcckchen oder mehrere Scheiben einer nichtgespritzten Orange hinzuf\u00fcgen. Alles zusammen in einem Kochtopf ziehen, nicht kochen lassen.<\/p>\n<p style=\"text-align: center;\">Schmeckt \u00e4u\u00dferst delikat und macht garantiert nicht betrunken, ist also auch f\u00fcr Kinder geeignet!<\/p>\n<p style=\"text-align: center;\">Guten Appetit und Prosit Neujahr !!!!!!!<\/p>\n<p style=\"text-align: center;\">\n","protected":false},"excerpt":{"rendered":"<p>geht so:<\/p>\n","protected":false},"author":1,"featured_media":0,"comment_status":"open","ping_status":"open","sticky":false,"template":"","format":"standard","meta":{"footnotes":""},"categories":[27],"tags":[],"jetpack_featured_media_url":"","_links":{"self":[{"href":"http:\/\/www.kunstgalerie-barbara.de\/blog\/wp-json\/wp\/v2\/posts\/11894"}],"collection":[{"href":"http:\/\/www.kunstgalerie-barbara.de\/blog\/wp-json\/wp\/v2\/posts"}],"about":[{"href":"http:\/\/www.kunstgalerie-barbara.de\/blog\/wp-json\/wp\/v2\/types\/post"}],"author":[{"embeddable":true,"href":"http:\/\/www.kunstgalerie-barbara.de\/blog\/wp-json\/wp\/v2\/users\/1"}],"replies":[{"embeddable":true,"href":"http:\/\/www.kunstgalerie-barbara.de\/blog\/wp-json\/wp\/v2\/comments?post=11894"}],"version-history":[{"count":1,"href":"http:\/\/www.kunstgalerie-barbara.de\/blog\/wp-json\/wp\/v2\/posts\/11894\/revisions"}],"predecessor-version":[{"id":11969,"href":"http:\/\/www.kunstgalerie-barbara.de\/blog\/wp-json\/wp\/v2\/posts\/11894\/revisions\/11969"}],"wp:attachment":[{"href":"http:\/\/www.kunstgalerie-barbara.de\/blog\/wp-json\/wp\/v2\/media?parent=11894"}],"wp:term":[{"taxonomy":"category","embeddable":true,"href":"http:\/\/www.kunstgalerie-barbara.de\/blog\/wp-json\/wp\/v2\/categories?post=11894"},{"taxonomy":"post_tag","embeddable":true,"href":"http:\/\/www.kunstgalerie-barbara.de\/blog\/wp-json\/wp\/v2\/tags?post=11894"}],"curies":[{"name":"wp","href":"https:\/\/api.w.org\/{rel}","templated":true}]}}