{"id":11911,"date":"2013-01-02T09:41:37","date_gmt":"2013-01-02T08:41:37","guid":{"rendered":"http:\/\/www.kunstgalerie-barbara.de\/blog\/?p=11911"},"modified":"2019-12-28T08:31:59","modified_gmt":"2019-12-28T06:31:59","slug":"rund-hundert-millionen-euro-geben-die-deutschen-jedes-jahr-fuer-feuerwerkskoerper-aus","status":"publish","type":"post","link":"http:\/\/www.kunstgalerie-barbara.de\/blog\/2013\/01\/rund-hundert-millionen-euro-geben-die-deutschen-jedes-jahr-fuer-feuerwerkskoerper-aus\/","title":{"rendered":"Rund hundert Millionen Euro geben die Deutschen jedes Jahr f\u00fcr Feuerwerksk\u00f6rper aus&#8230;"},"content":{"rendered":"<p style=\"text-align: center;\"><a href=\"http:\/\/www.kunstgalerie-barbara.de\/blog\/wp-content\/uploads\/2013\/01\/DSC_0270.jpg\"><img loading=\"lazy\" decoding=\"async\" class=\"aligncenter wp-image-11912\" title=\"DSC_0270\" src=\"http:\/\/www.kunstgalerie-barbara.de\/blog\/wp-content\/uploads\/2013\/01\/DSC_0270-680x1024.jpg\" alt=\"\" width=\"408\" height=\"614\" srcset=\"http:\/\/www.kunstgalerie-barbara.de\/blog\/wp-content\/uploads\/2013\/01\/DSC_0270-680x1024.jpg 680w, http:\/\/www.kunstgalerie-barbara.de\/blog\/wp-content\/uploads\/2013\/01\/DSC_0270-199x300.jpg 199w, http:\/\/www.kunstgalerie-barbara.de\/blog\/wp-content\/uploads\/2013\/01\/DSC_0270.jpg 2000w\" sizes=\"(max-width: 408px) 100vw, 408px\" \/><\/a>&#8230;jedoch hat das meiste davon recht wenig mit &#8220;Feuerwerk&#8221; zu tun, sondern besteht in der Hauptsache aus recht fantasielosen Knallk\u00f6rpern, die ausschlie\u00dflich dazu da sind L\u00e4rm zu machen und den lieben Mitmenschen damit auf den Geist zu gehen!<\/p>\n","protected":false},"excerpt":{"rendered":"<p>&#8230;jedoch hat das meiste davon recht wenig mit &#8220;Feuerwerk&#8221; zu tun, sondern besteht in der Hauptsache aus recht fantasielosen Knallk\u00f6rpern, die ausschlie\u00dflich dazu da sind L\u00e4rm zu machen und den lieben Mitmenschen damit auf den Geist zu gehen!<\/p>\n","protected":false},"author":1,"featured_media":0,"comment_status":"open","ping_status":"open","sticky":false,"template":"","format":"standard","meta":{"footnotes":""},"categories":[19],"tags":[],"jetpack_featured_media_url":"","_links":{"self":[{"href":"http:\/\/www.kunstgalerie-barbara.de\/blog\/wp-json\/wp\/v2\/posts\/11911"}],"collection":[{"href":"http:\/\/www.kunstgalerie-barbara.de\/blog\/wp-json\/wp\/v2\/posts"}],"about":[{"href":"http:\/\/www.kunstgalerie-barbara.de\/blog\/wp-json\/wp\/v2\/types\/post"}],"author":[{"embeddable":true,"href":"http:\/\/www.kunstgalerie-barbara.de\/blog\/wp-json\/wp\/v2\/users\/1"}],"replies":[{"embeddable":true,"href":"http:\/\/www.kunstgalerie-barbara.de\/blog\/wp-json\/wp\/v2\/comments?post=11911"}],"version-history":[{"count":2,"href":"http:\/\/www.kunstgalerie-barbara.de\/blog\/wp-json\/wp\/v2\/posts\/11911\/revisions"}],"predecessor-version":[{"id":21111,"href":"http:\/\/www.kunstgalerie-barbara.de\/blog\/wp-json\/wp\/v2\/posts\/11911\/revisions\/21111"}],"wp:attachment":[{"href":"http:\/\/www.kunstgalerie-barbara.de\/blog\/wp-json\/wp\/v2\/media?parent=11911"}],"wp:term":[{"taxonomy":"category","embeddable":true,"href":"http:\/\/www.kunstgalerie-barbara.de\/blog\/wp-json\/wp\/v2\/categories?post=11911"},{"taxonomy":"post_tag","embeddable":true,"href":"http:\/\/www.kunstgalerie-barbara.de\/blog\/wp-json\/wp\/v2\/tags?post=11911"}],"curies":[{"name":"wp","href":"https:\/\/api.w.org\/{rel}","templated":true}]}}