{"id":11916,"date":"2013-01-02T10:23:29","date_gmt":"2013-01-02T09:23:29","guid":{"rendered":"http:\/\/www.kunstgalerie-barbara.de\/blog\/?p=11916"},"modified":"2013-01-05T09:38:23","modified_gmt":"2013-01-05T08:38:23","slug":"sowohl-an-heiligabend-als-auch-zu-sylvester-haben-wir-es-mit-dem-phaenomen","status":"publish","type":"post","link":"http:\/\/www.kunstgalerie-barbara.de\/blog\/2013\/01\/sowohl-an-heiligabend-als-auch-zu-sylvester-haben-wir-es-mit-dem-phaenomen\/","title":{"rendered":"Sowohl an Heiligabend als auch zu Sylvester haben wir es mit dem Ph\u00e4nomen&#8230;"},"content":{"rendered":"<p style=\"text-align: center;\"><a href=\"http:\/\/www.kunstgalerie-barbara.de\/blog\/wp-content\/uploads\/2013\/01\/P1240669-Kopie.jpg\"><img loading=\"lazy\" decoding=\"async\" class=\"aligncenter size-full wp-image-11918\" title=\"P1240669 Kopie\" src=\"http:\/\/www.kunstgalerie-barbara.de\/blog\/wp-content\/uploads\/2013\/01\/P1240669-Kopie.jpg\" alt=\"\" width=\"450\" height=\"600\" srcset=\"http:\/\/www.kunstgalerie-barbara.de\/blog\/wp-content\/uploads\/2013\/01\/P1240669-Kopie.jpg 450w, http:\/\/www.kunstgalerie-barbara.de\/blog\/wp-content\/uploads\/2013\/01\/P1240669-Kopie-225x300.jpg 225w\" sizes=\"(max-width: 450px) 100vw, 450px\" \/><\/a>&#8230; des Hamsterns zu tun! Dann glauben wir Deutschen nicht lebend \u00fcber die Festtage zu kommen! Wir vermuten dem Hungertod ausgeliefert zu sein, Panik erfa\u00dft uns und decken uns noch\u00a0 mal so richtig mit Nahrungsmittel ein.<!--more--> Einem blinden Reflex folgend kaufen wir am Heiligabend oder zu Sylvester die Regale der Superm\u00e4rkte leer! So als w\u00e4ren die Gesch\u00e4fte wochenlang geschlossen und nicht nur l\u00e4cherliche zwei Tage, n\u00e4mlich am ersten und zweiten Weihnachtstag oder eben nur am Neujahrstag!<br \/>\nwir nehmen endlos lange Schlangen an den Kassen in Kauf, Schlangen die bisweilen weit bis auf die Stra\u00dfen ausdehnen!<\/p>\n","protected":false},"excerpt":{"rendered":"<p>&#8230; des Hamsterns zu tun! Dann glauben wir Deutschen nicht lebend \u00fcber die Festtage zu kommen! Wir vermuten dem Hungertod ausgeliefert zu sein, Panik erfa\u00dft uns und decken uns noch\u00a0 mal so richtig mit Nahrungsmittel ein.<\/p>\n","protected":false},"author":1,"featured_media":0,"comment_status":"open","ping_status":"open","sticky":false,"template":"","format":"standard","meta":{"footnotes":""},"categories":[42,19,55],"tags":[],"jetpack_featured_media_url":"","_links":{"self":[{"href":"http:\/\/www.kunstgalerie-barbara.de\/blog\/wp-json\/wp\/v2\/posts\/11916"}],"collection":[{"href":"http:\/\/www.kunstgalerie-barbara.de\/blog\/wp-json\/wp\/v2\/posts"}],"about":[{"href":"http:\/\/www.kunstgalerie-barbara.de\/blog\/wp-json\/wp\/v2\/types\/post"}],"author":[{"embeddable":true,"href":"http:\/\/www.kunstgalerie-barbara.de\/blog\/wp-json\/wp\/v2\/users\/1"}],"replies":[{"embeddable":true,"href":"http:\/\/www.kunstgalerie-barbara.de\/blog\/wp-json\/wp\/v2\/comments?post=11916"}],"version-history":[{"count":1,"href":"http:\/\/www.kunstgalerie-barbara.de\/blog\/wp-json\/wp\/v2\/posts\/11916\/revisions"}],"predecessor-version":[{"id":11931,"href":"http:\/\/www.kunstgalerie-barbara.de\/blog\/wp-json\/wp\/v2\/posts\/11916\/revisions\/11931"}],"wp:attachment":[{"href":"http:\/\/www.kunstgalerie-barbara.de\/blog\/wp-json\/wp\/v2\/media?parent=11916"}],"wp:term":[{"taxonomy":"category","embeddable":true,"href":"http:\/\/www.kunstgalerie-barbara.de\/blog\/wp-json\/wp\/v2\/categories?post=11916"},{"taxonomy":"post_tag","embeddable":true,"href":"http:\/\/www.kunstgalerie-barbara.de\/blog\/wp-json\/wp\/v2\/tags?post=11916"}],"curies":[{"name":"wp","href":"https:\/\/api.w.org\/{rel}","templated":true}]}}