{"id":11927,"date":"2013-01-05T09:37:04","date_gmt":"2013-01-05T08:37:04","guid":{"rendered":"http:\/\/www.kunstgalerie-barbara.de\/blog\/?p=11927"},"modified":"2013-01-22T09:43:41","modified_gmt":"2013-01-22T08:43:41","slug":"kaisergemuese-mit-sesamkartoffeln","status":"publish","type":"post","link":"http:\/\/www.kunstgalerie-barbara.de\/blog\/2013\/01\/kaisergemuese-mit-sesamkartoffeln\/","title":{"rendered":"Kaisergem\u00fcse mit Sesamkartoffeln&#8230;"},"content":{"rendered":"<p style=\"text-align: center;\"><a href=\"http:\/\/www.kunstgalerie-barbara.de\/blog\/wp-content\/uploads\/2013\/01\/P1250530-Kopie.jpg\"><img loading=\"lazy\" decoding=\"async\" class=\"aligncenter size-full wp-image-12033\" title=\"P1250530 Kopie\" src=\"http:\/\/www.kunstgalerie-barbara.de\/blog\/wp-content\/uploads\/2013\/01\/P1250530-Kopie.jpg\" alt=\"\" width=\"475\" height=\"321\" srcset=\"http:\/\/www.kunstgalerie-barbara.de\/blog\/wp-content\/uploads\/2013\/01\/P1250530-Kopie.jpg 475w, http:\/\/www.kunstgalerie-barbara.de\/blog\/wp-content\/uploads\/2013\/01\/P1250530-Kopie-300x202.jpg 300w\" sizes=\"(max-width: 475px) 100vw, 475px\" \/><\/a><\/p>\n<p style=\"text-align: center;\">&#8230; eines meiner Lieblingsgerichte!<br \/>\ngeht so:<!--more--><strong><em>Pro Person drei Kartoffeln in der Schale garen.<\/em><\/strong><\/p>\n<p style=\"text-align: center;\"><em><strong>Einen mittelgro\u00dfen Blumenkohl in R\u00f6schen teilen, genauso einen ebenso gro\u00dfen Brokkoli, zwei bis drei M\u00f6hren in etwa einen halben Zentimeter breite Scheiben schneiden, eine halbe T\u00fcte gefrorene Erbsen hinzugeben und alles zusammen in einem Topf oder in einer Pfanne zusammen mit Wasser garen. Nicht zu lange allerdings, denn das Gem\u00fcse soll erkennbar bleiben und noch Bi\u00df haben! Verkochtes Gem\u00fcse hat nicht mehr gar so viele Vitamine! Das abgegossene Gem\u00fcse in Butter oder in \u00d6l je nach Geschmack schwenken.<\/strong><\/em><br \/>\n<em><strong>Die gegarten Kartoffeln abpellen rund herum mit Sesam bestreuen und salzen nach Wunsch. Auch das Kaisergem\u00fcse kann sich jeder nach belieben auf seinem Teller salzen.<\/strong><\/em><\/p>\n<p style=\"text-align: center;\">\n","protected":false},"excerpt":{"rendered":"<p>&#8230; eines meiner Lieblingsgerichte! geht so:<\/p>\n","protected":false},"author":1,"featured_media":0,"comment_status":"open","ping_status":"open","sticky":false,"template":"","format":"standard","meta":{"footnotes":""},"categories":[27,51],"tags":[],"jetpack_featured_media_url":"","_links":{"self":[{"href":"http:\/\/www.kunstgalerie-barbara.de\/blog\/wp-json\/wp\/v2\/posts\/11927"}],"collection":[{"href":"http:\/\/www.kunstgalerie-barbara.de\/blog\/wp-json\/wp\/v2\/posts"}],"about":[{"href":"http:\/\/www.kunstgalerie-barbara.de\/blog\/wp-json\/wp\/v2\/types\/post"}],"author":[{"embeddable":true,"href":"http:\/\/www.kunstgalerie-barbara.de\/blog\/wp-json\/wp\/v2\/users\/1"}],"replies":[{"embeddable":true,"href":"http:\/\/www.kunstgalerie-barbara.de\/blog\/wp-json\/wp\/v2\/comments?post=11927"}],"version-history":[{"count":1,"href":"http:\/\/www.kunstgalerie-barbara.de\/blog\/wp-json\/wp\/v2\/posts\/11927\/revisions"}],"predecessor-version":[{"id":11955,"href":"http:\/\/www.kunstgalerie-barbara.de\/blog\/wp-json\/wp\/v2\/posts\/11927\/revisions\/11955"}],"wp:attachment":[{"href":"http:\/\/www.kunstgalerie-barbara.de\/blog\/wp-json\/wp\/v2\/media?parent=11927"}],"wp:term":[{"taxonomy":"category","embeddable":true,"href":"http:\/\/www.kunstgalerie-barbara.de\/blog\/wp-json\/wp\/v2\/categories?post=11927"},{"taxonomy":"post_tag","embeddable":true,"href":"http:\/\/www.kunstgalerie-barbara.de\/blog\/wp-json\/wp\/v2\/tags?post=11927"}],"curies":[{"name":"wp","href":"https:\/\/api.w.org\/{rel}","templated":true}]}}