{"id":11933,"date":"2013-01-06T11:03:54","date_gmt":"2013-01-06T10:03:54","guid":{"rendered":"http:\/\/www.kunstgalerie-barbara.de\/blog\/?p=11933"},"modified":"2013-01-06T11:04:25","modified_gmt":"2013-01-06T10:04:25","slug":"old-fashion-unterwegs","status":"publish","type":"post","link":"http:\/\/www.kunstgalerie-barbara.de\/blog\/2013\/01\/old-fashion-unterwegs\/","title":{"rendered":"Old-fashion unterwegs&#8230;"},"content":{"rendered":"<p style=\"text-align: center;\"><a href=\"http:\/\/www.kunstgalerie-barbara.de\/blog\/wp-content\/uploads\/2013\/01\/P1240482-Kopie.jpg\"><img loading=\"lazy\" decoding=\"async\" class=\"aligncenter size-full wp-image-11934\" title=\"P1240482 Kopie\" src=\"http:\/\/www.kunstgalerie-barbara.de\/blog\/wp-content\/uploads\/2013\/01\/P1240482-Kopie.jpg\" alt=\"\" width=\"470\" height=\"353\" srcset=\"http:\/\/www.kunstgalerie-barbara.de\/blog\/wp-content\/uploads\/2013\/01\/P1240482-Kopie.jpg 470w, http:\/\/www.kunstgalerie-barbara.de\/blog\/wp-content\/uploads\/2013\/01\/P1240482-Kopie-300x225.jpg 300w\" sizes=\"(max-width: 470px) 100vw, 470px\" \/><\/a>&#8230;sind immer mehr junge M\u00fctter heutzutage. Vor zwanzig Jahren h\u00e4tte ich mich geweigert\u00a0 einen Kinderwagen aus den Sechzigern des vergangenen Jahrhunderts vor mir herzuschieben.\u00a0 <!--more-->So schnell wie m\u00f6glich wollte ich meine Kinder in einem Buggy transportieren. Meine Spr\u00f6\u00dflinge sollten nicht hochr\u00e4drig und abgeschottet durch die Gegend gefahren werden, sie sollten etwas von ihrer Umwelt mitbekommen. Buggys hingegen scheinen v\u00f6llig aus der Mode gekommen. M\u00fctter schleppen\u00a0 heutzutage \u00fcber zwei Jahre hinaus ihren Nachwuchs auf dem Arm durch die Welt, so als h\u00e4tte es diese kleinen, klappbaren, praktischen Kinderkarren nie gegeben!<\/p>\n","protected":false},"excerpt":{"rendered":"<p>&#8230;sind immer mehr junge M\u00fctter heutzutage. Vor zwanzig Jahren h\u00e4tte ich mich geweigert\u00a0 einen Kinderwagen aus den Sechzigern des vergangenen Jahrhunderts vor mir herzuschieben.\u00a0<\/p>\n","protected":false},"author":1,"featured_media":0,"comment_status":"open","ping_status":"open","sticky":false,"template":"","format":"standard","meta":{"footnotes":""},"categories":[22,42,19],"tags":[],"jetpack_featured_media_url":"","_links":{"self":[{"href":"http:\/\/www.kunstgalerie-barbara.de\/blog\/wp-json\/wp\/v2\/posts\/11933"}],"collection":[{"href":"http:\/\/www.kunstgalerie-barbara.de\/blog\/wp-json\/wp\/v2\/posts"}],"about":[{"href":"http:\/\/www.kunstgalerie-barbara.de\/blog\/wp-json\/wp\/v2\/types\/post"}],"author":[{"embeddable":true,"href":"http:\/\/www.kunstgalerie-barbara.de\/blog\/wp-json\/wp\/v2\/users\/1"}],"replies":[{"embeddable":true,"href":"http:\/\/www.kunstgalerie-barbara.de\/blog\/wp-json\/wp\/v2\/comments?post=11933"}],"version-history":[{"count":1,"href":"http:\/\/www.kunstgalerie-barbara.de\/blog\/wp-json\/wp\/v2\/posts\/11933\/revisions"}],"predecessor-version":[{"id":11936,"href":"http:\/\/www.kunstgalerie-barbara.de\/blog\/wp-json\/wp\/v2\/posts\/11933\/revisions\/11936"}],"wp:attachment":[{"href":"http:\/\/www.kunstgalerie-barbara.de\/blog\/wp-json\/wp\/v2\/media?parent=11933"}],"wp:term":[{"taxonomy":"category","embeddable":true,"href":"http:\/\/www.kunstgalerie-barbara.de\/blog\/wp-json\/wp\/v2\/categories?post=11933"},{"taxonomy":"post_tag","embeddable":true,"href":"http:\/\/www.kunstgalerie-barbara.de\/blog\/wp-json\/wp\/v2\/tags?post=11933"}],"curies":[{"name":"wp","href":"https:\/\/api.w.org\/{rel}","templated":true}]}}