{"id":11942,"date":"2013-01-08T09:40:21","date_gmt":"2013-01-08T08:40:21","guid":{"rendered":"http:\/\/www.kunstgalerie-barbara.de\/blog\/?p=11942"},"modified":"2013-01-08T09:40:21","modified_gmt":"2013-01-08T08:40:21","slug":"wir-nennen-ihn-strammer-max","status":"publish","type":"post","link":"http:\/\/www.kunstgalerie-barbara.de\/blog\/2013\/01\/wir-nennen-ihn-strammer-max\/","title":{"rendered":"Wir nennen ihn strammer Max&#8230;"},"content":{"rendered":"<p style=\"text-align: center;\"><a href=\"http:\/\/www.kunstgalerie-barbara.de\/blog\/wp-content\/uploads\/2013\/01\/DSC_0164-Kopie.jpg\"><img loading=\"lazy\" decoding=\"async\" class=\"aligncenter size-full wp-image-11943\" title=\"DSC_0164 Kopie\" src=\"http:\/\/www.kunstgalerie-barbara.de\/blog\/wp-content\/uploads\/2013\/01\/DSC_0164-Kopie.jpg\" alt=\"\" width=\"399\" height=\"600\" srcset=\"http:\/\/www.kunstgalerie-barbara.de\/blog\/wp-content\/uploads\/2013\/01\/DSC_0164-Kopie.jpg 399w, http:\/\/www.kunstgalerie-barbara.de\/blog\/wp-content\/uploads\/2013\/01\/DSC_0164-Kopie-199x300.jpg 199w\" sizes=\"(max-width: 399px) 100vw, 399px\" \/><\/a>&#8230;denn er ist die dickere Ausgabe unseres Katers Bisi. Er besucht uns fast t\u00e4glich, streicht liebevoll um unsere Beine und will doch nur das eine, n\u00e4mlich etwas zu Fressen! <!--more-->Strammer Max ist nicht im mindesten so w\u00e4hlerisch wie unser Bisi und das sieht man ihm an. Er fri\u00dft alles, was es so an Katzennahrung gibt! Hat sich Bisi mal wieder eine Art Brecki \u00fcbergegessen, so k\u00f6nnen wir sicher sein, da\u00df sie einen dankbaren Abnehmer finden.\u00a0 Selbstverst\u00e4ndlich findet die F\u00fctterung in Abwesenheit seines Katzenbruders Bisi statt, denn die beiden sind sich, wie k\u00f6nnte es anders sein \u00fcberhaupt nicht gr\u00fcn, sie sind Kontrahenten. Vor allem unserem Bisi pa\u00dft es \u00fcberhaupt nicht, da\u00df es da noch einen Kater neben ihm gibt und einmal als er ihn im Garten gewahr wurde, gab es Katzenkrieg und Bisi jagte den anderen mit Schimpf und Schande vom Hof.<br \/>\nVon da an war klar , der stramme Max mu\u00dfte auch weiterhin in gr\u00f6\u00dfter Geheimhaltung bek\u00f6stigt werden!<\/p>\n","protected":false},"excerpt":{"rendered":"<p>&#8230;denn er ist die dickere Ausgabe unseres Katers Bisi. Er besucht uns fast t\u00e4glich, streicht liebevoll um unsere Beine und will doch nur das eine, n\u00e4mlich etwas zu Fressen!<\/p>\n","protected":false},"author":1,"featured_media":0,"comment_status":"open","ping_status":"open","sticky":false,"template":"","format":"standard","meta":{"footnotes":""},"categories":[59],"tags":[],"jetpack_featured_media_url":"","_links":{"self":[{"href":"http:\/\/www.kunstgalerie-barbara.de\/blog\/wp-json\/wp\/v2\/posts\/11942"}],"collection":[{"href":"http:\/\/www.kunstgalerie-barbara.de\/blog\/wp-json\/wp\/v2\/posts"}],"about":[{"href":"http:\/\/www.kunstgalerie-barbara.de\/blog\/wp-json\/wp\/v2\/types\/post"}],"author":[{"embeddable":true,"href":"http:\/\/www.kunstgalerie-barbara.de\/blog\/wp-json\/wp\/v2\/users\/1"}],"replies":[{"embeddable":true,"href":"http:\/\/www.kunstgalerie-barbara.de\/blog\/wp-json\/wp\/v2\/comments?post=11942"}],"version-history":[{"count":1,"href":"http:\/\/www.kunstgalerie-barbara.de\/blog\/wp-json\/wp\/v2\/posts\/11942\/revisions"}],"predecessor-version":[{"id":11945,"href":"http:\/\/www.kunstgalerie-barbara.de\/blog\/wp-json\/wp\/v2\/posts\/11942\/revisions\/11945"}],"wp:attachment":[{"href":"http:\/\/www.kunstgalerie-barbara.de\/blog\/wp-json\/wp\/v2\/media?parent=11942"}],"wp:term":[{"taxonomy":"category","embeddable":true,"href":"http:\/\/www.kunstgalerie-barbara.de\/blog\/wp-json\/wp\/v2\/categories?post=11942"},{"taxonomy":"post_tag","embeddable":true,"href":"http:\/\/www.kunstgalerie-barbara.de\/blog\/wp-json\/wp\/v2\/tags?post=11942"}],"curies":[{"name":"wp","href":"https:\/\/api.w.org\/{rel}","templated":true}]}}