{"id":11946,"date":"2013-01-09T15:13:38","date_gmt":"2013-01-09T14:13:38","guid":{"rendered":"http:\/\/www.kunstgalerie-barbara.de\/blog\/?p=11946"},"modified":"2013-01-09T15:13:38","modified_gmt":"2013-01-09T14:13:38","slug":"ein-geburtstagsstrauss-fuer-zwei","status":"publish","type":"post","link":"http:\/\/www.kunstgalerie-barbara.de\/blog\/2013\/01\/ein-geburtstagsstrauss-fuer-zwei\/","title":{"rendered":"Ein Geburtstagsstrau\u00df f\u00fcr Zwei&#8230;"},"content":{"rendered":"<p style=\"text-align: center;\"><a href=\"http:\/\/www.kunstgalerie-barbara.de\/blog\/wp-content\/uploads\/2013\/01\/P1250008-Kopie.jpg\"><img loading=\"lazy\" decoding=\"async\" class=\"aligncenter size-full wp-image-11947\" title=\"P1250008 Kopie\" src=\"http:\/\/www.kunstgalerie-barbara.de\/blog\/wp-content\/uploads\/2013\/01\/P1250008-Kopie.jpg\" alt=\"\" width=\"470\" height=\"313\" srcset=\"http:\/\/www.kunstgalerie-barbara.de\/blog\/wp-content\/uploads\/2013\/01\/P1250008-Kopie.jpg 470w, http:\/\/www.kunstgalerie-barbara.de\/blog\/wp-content\/uploads\/2013\/01\/P1250008-Kopie-300x199.jpg 300w\" sizes=\"(max-width: 470px) 100vw, 470px\" \/><\/a>&#8230; Beide, mein Mann und meine Tochter sind Steinb\u00f6cke, beide haben\u00a0 kurz nach Weihnachten Geburtstag, was nicht nur etwas problematisch in Bezug auf Geschenke ist. Alles doppelt, Kuchen, Feier, Str\u00e4u\u00dfe. Mitunter bin ich da ganz froh, wenn ein Geburtstagsstrau\u00df etwas l\u00e4nger h\u00e4lt und doppelt verwendet werden kann, wie dieses Jahr.<\/p>\n","protected":false},"excerpt":{"rendered":"<p>&#8230; Beide, mein Mann und meine Tochter sind Steinb\u00f6cke, beide haben\u00a0 kurz nach Weihnachten Geburtstag, was nicht nur etwas problematisch in Bezug auf Geschenke ist. Alles doppelt, Kuchen, Feier, Str\u00e4u\u00dfe. Mitunter bin ich da ganz froh, wenn ein Geburtstagsstrau\u00df etwas l\u00e4nger h\u00e4lt und doppelt verwendet werden kann, wie dieses Jahr.<\/p>\n","protected":false},"author":1,"featured_media":0,"comment_status":"open","ping_status":"open","sticky":false,"template":"","format":"standard","meta":{"footnotes":""},"categories":[19],"tags":[],"jetpack_featured_media_url":"","_links":{"self":[{"href":"http:\/\/www.kunstgalerie-barbara.de\/blog\/wp-json\/wp\/v2\/posts\/11946"}],"collection":[{"href":"http:\/\/www.kunstgalerie-barbara.de\/blog\/wp-json\/wp\/v2\/posts"}],"about":[{"href":"http:\/\/www.kunstgalerie-barbara.de\/blog\/wp-json\/wp\/v2\/types\/post"}],"author":[{"embeddable":true,"href":"http:\/\/www.kunstgalerie-barbara.de\/blog\/wp-json\/wp\/v2\/users\/1"}],"replies":[{"embeddable":true,"href":"http:\/\/www.kunstgalerie-barbara.de\/blog\/wp-json\/wp\/v2\/comments?post=11946"}],"version-history":[{"count":1,"href":"http:\/\/www.kunstgalerie-barbara.de\/blog\/wp-json\/wp\/v2\/posts\/11946\/revisions"}],"predecessor-version":[{"id":11949,"href":"http:\/\/www.kunstgalerie-barbara.de\/blog\/wp-json\/wp\/v2\/posts\/11946\/revisions\/11949"}],"wp:attachment":[{"href":"http:\/\/www.kunstgalerie-barbara.de\/blog\/wp-json\/wp\/v2\/media?parent=11946"}],"wp:term":[{"taxonomy":"category","embeddable":true,"href":"http:\/\/www.kunstgalerie-barbara.de\/blog\/wp-json\/wp\/v2\/categories?post=11946"},{"taxonomy":"post_tag","embeddable":true,"href":"http:\/\/www.kunstgalerie-barbara.de\/blog\/wp-json\/wp\/v2\/tags?post=11946"}],"curies":[{"name":"wp","href":"https:\/\/api.w.org\/{rel}","templated":true}]}}