{"id":12020,"date":"2013-01-20T10:52:06","date_gmt":"2013-01-20T09:52:06","guid":{"rendered":"http:\/\/www.kunstgalerie-barbara.de\/blog\/?p=12020"},"modified":"2013-01-20T10:52:06","modified_gmt":"2013-01-20T09:52:06","slug":"strom-aus-erneuerbaren-energien","status":"publish","type":"post","link":"http:\/\/www.kunstgalerie-barbara.de\/blog\/2013\/01\/strom-aus-erneuerbaren-energien\/","title":{"rendered":"Strom aus erneuerbaren Energien&#8230;"},"content":{"rendered":"<p style=\"text-align: center;\"><a href=\"http:\/\/www.kunstgalerie-barbara.de\/blog\/wp-content\/uploads\/2013\/01\/page5.jpg\"><img loading=\"lazy\" decoding=\"async\" class=\"aligncenter size-full wp-image-12021\" title=\"page\" src=\"http:\/\/www.kunstgalerie-barbara.de\/blog\/wp-content\/uploads\/2013\/01\/page5.jpg\" alt=\"\" width=\"404\" height=\"404\" srcset=\"http:\/\/www.kunstgalerie-barbara.de\/blog\/wp-content\/uploads\/2013\/01\/page5.jpg 404w, http:\/\/www.kunstgalerie-barbara.de\/blog\/wp-content\/uploads\/2013\/01\/page5-150x150.jpg 150w, http:\/\/www.kunstgalerie-barbara.de\/blog\/wp-content\/uploads\/2013\/01\/page5-300x300.jpg 300w\" sizes=\"(max-width: 404px) 100vw, 404px\" \/><\/a>..wie beispielsweise aus diesem Weserkraftwerk\u00a0 in Bremen Hastedt ist mitnichten preiswert. Genausowenig der Strom der Bremer Windkraftanlagen oder der Solarstrom der auf dem Gel\u00e4nde der M\u00fclldeponie erzeugt wird. Dies ist ein gravierender Fehler, denn wie will man \u00d6kostrom poul\u00e4r machen, wenn er teurer ist, als herk\u00f6mmlich erzeugter. Wesentlich mehr Menschen w\u00fcrden mit Freuden heute schon \u00d6kostrom beziehen, w\u00e4re dies anders.<\/p>\n","protected":false},"excerpt":{"rendered":"<p>..wie beispielsweise aus diesem Weserkraftwerk\u00a0 in Bremen Hastedt ist mitnichten preiswert. Genausowenig der Strom der Bremer Windkraftanlagen oder der Solarstrom der auf dem Gel\u00e4nde der M\u00fclldeponie erzeugt wird. Dies ist ein gravierender Fehler, denn wie will man \u00d6kostrom poul\u00e4r machen, wenn er teurer ist, als herk\u00f6mmlich erzeugter. Wesentlich mehr Menschen w\u00fcrden mit Freuden heute schon \u00d6kostrom beziehen, w\u00e4re dies anders.<\/p>\n","protected":false},"author":1,"featured_media":0,"comment_status":"open","ping_status":"open","sticky":false,"template":"","format":"standard","meta":{"footnotes":""},"categories":[42,40],"tags":[],"jetpack_featured_media_url":"","_links":{"self":[{"href":"http:\/\/www.kunstgalerie-barbara.de\/blog\/wp-json\/wp\/v2\/posts\/12020"}],"collection":[{"href":"http:\/\/www.kunstgalerie-barbara.de\/blog\/wp-json\/wp\/v2\/posts"}],"about":[{"href":"http:\/\/www.kunstgalerie-barbara.de\/blog\/wp-json\/wp\/v2\/types\/post"}],"author":[{"embeddable":true,"href":"http:\/\/www.kunstgalerie-barbara.de\/blog\/wp-json\/wp\/v2\/users\/1"}],"replies":[{"embeddable":true,"href":"http:\/\/www.kunstgalerie-barbara.de\/blog\/wp-json\/wp\/v2\/comments?post=12020"}],"version-history":[{"count":1,"href":"http:\/\/www.kunstgalerie-barbara.de\/blog\/wp-json\/wp\/v2\/posts\/12020\/revisions"}],"predecessor-version":[{"id":12023,"href":"http:\/\/www.kunstgalerie-barbara.de\/blog\/wp-json\/wp\/v2\/posts\/12020\/revisions\/12023"}],"wp:attachment":[{"href":"http:\/\/www.kunstgalerie-barbara.de\/blog\/wp-json\/wp\/v2\/media?parent=12020"}],"wp:term":[{"taxonomy":"category","embeddable":true,"href":"http:\/\/www.kunstgalerie-barbara.de\/blog\/wp-json\/wp\/v2\/categories?post=12020"},{"taxonomy":"post_tag","embeddable":true,"href":"http:\/\/www.kunstgalerie-barbara.de\/blog\/wp-json\/wp\/v2\/tags?post=12020"}],"curies":[{"name":"wp","href":"https:\/\/api.w.org\/{rel}","templated":true}]}}