{"id":12044,"date":"2013-01-22T12:06:54","date_gmt":"2013-01-22T11:06:54","guid":{"rendered":"http:\/\/www.kunstgalerie-barbara.de\/blog\/?p=12044"},"modified":"2013-01-22T12:08:23","modified_gmt":"2013-01-22T11:08:23","slug":"im-fall-schneeschippen","status":"publish","type":"post","link":"http:\/\/www.kunstgalerie-barbara.de\/blog\/2013\/01\/im-fall-schneeschippen\/","title":{"rendered":"Im Fall Schneeschippen&#8230;"},"content":{"rendered":"<p style=\"text-align: center;\"><a href=\"http:\/\/www.kunstgalerie-barbara.de\/blog\/wp-content\/uploads\/2013\/01\/P1250649-Kopie11.jpg\"><img loading=\"lazy\" decoding=\"async\" class=\"aligncenter size-full wp-image-12046\" title=\"P1250649 Kopie1\" src=\"http:\/\/www.kunstgalerie-barbara.de\/blog\/wp-content\/uploads\/2013\/01\/P1250649-Kopie11.jpg\" alt=\"\" width=\"470\" height=\"591\" srcset=\"http:\/\/www.kunstgalerie-barbara.de\/blog\/wp-content\/uploads\/2013\/01\/P1250649-Kopie11.jpg 470w, http:\/\/www.kunstgalerie-barbara.de\/blog\/wp-content\/uploads\/2013\/01\/P1250649-Kopie11-238x300.jpg 238w\" sizes=\"(max-width: 470px) 100vw, 470px\" \/><\/a>&#8230; zeigt sich soziales Verhalten, nicht nur aber auch. Alle wollen den Weg von ihrem Haus frei von Schnee haben, aber keiner\u00a0 macht auch nur einen Zentmeter mehr, als er mu\u00df, n\u00e4mlich nur gerade mal das St\u00fcckchen vorm Eingang seines Hauses und Gott beh\u00fcte nicht das St\u00fcck vom Nachbarn mit!<br \/>\nWie k\u00e4me er auch dazu. Eine Zumutung w\u00e4re das! <!--more--><br \/>\nBei Eckhausbesitzern, so wie wir, ist das schon ein ganz anderer Schnack. Bei uns f\u00e4llt zwangsl\u00e4ufig etwas mehr an, n\u00e4mlich an die zwanzig Meter. Und da es etwas bl\u00f6d w\u00e4re, nur unsere\u00a0 Seite des Gehwegs vor dem Haus zu s\u00e4ubern, mach ich gleich auch die Seite meiner alten Nachbarin von gegen\u00fcber und den Eingang der j\u00fcngeren daneben auch, samt dem Nachbarn zur linken. Alles ein Aufwasch! Warum auch nicht?<br \/>\nAllerdings, das mu\u00df ich zugeben, fehlt mir jegliches Verst\u00e4ndnis, wenn einer jener Nachbarn, die sonst auch nur wenig soziales Verhalten zeigen, bei einigen Minusgraden pl\u00f6tzlich eine Gl\u00fchweinpartie im Weg veranstalten wollen. Allerdings kamen zu diesem Umtrunk auch nur zwei oder drei Weinselige, die immer sofort zur Stelle sind, wenn es etwas umsonst gibt!<\/p>\n<p>&nbsp;<\/p>\n","protected":false},"excerpt":{"rendered":"<p>&#8230; zeigt sich soziales Verhalten, nicht nur aber auch. Alle wollen den Weg von ihrem Haus frei von Schnee haben, aber keiner\u00a0 macht auch nur einen Zentmeter mehr, als er mu\u00df, n\u00e4mlich nur gerade mal das St\u00fcckchen vorm Eingang seines Hauses und Gott beh\u00fcte nicht das St\u00fcck vom Nachbarn mit! Wie k\u00e4me er auch dazu. Eine Zumutung w\u00e4re das!<\/p>\n","protected":false},"author":1,"featured_media":0,"comment_status":"open","ping_status":"open","sticky":false,"template":"","format":"standard","meta":{"footnotes":""},"categories":[19,51],"tags":[],"jetpack_featured_media_url":"","_links":{"self":[{"href":"http:\/\/www.kunstgalerie-barbara.de\/blog\/wp-json\/wp\/v2\/posts\/12044"}],"collection":[{"href":"http:\/\/www.kunstgalerie-barbara.de\/blog\/wp-json\/wp\/v2\/posts"}],"about":[{"href":"http:\/\/www.kunstgalerie-barbara.de\/blog\/wp-json\/wp\/v2\/types\/post"}],"author":[{"embeddable":true,"href":"http:\/\/www.kunstgalerie-barbara.de\/blog\/wp-json\/wp\/v2\/users\/1"}],"replies":[{"embeddable":true,"href":"http:\/\/www.kunstgalerie-barbara.de\/blog\/wp-json\/wp\/v2\/comments?post=12044"}],"version-history":[{"count":1,"href":"http:\/\/www.kunstgalerie-barbara.de\/blog\/wp-json\/wp\/v2\/posts\/12044\/revisions"}],"predecessor-version":[{"id":12048,"href":"http:\/\/www.kunstgalerie-barbara.de\/blog\/wp-json\/wp\/v2\/posts\/12044\/revisions\/12048"}],"wp:attachment":[{"href":"http:\/\/www.kunstgalerie-barbara.de\/blog\/wp-json\/wp\/v2\/media?parent=12044"}],"wp:term":[{"taxonomy":"category","embeddable":true,"href":"http:\/\/www.kunstgalerie-barbara.de\/blog\/wp-json\/wp\/v2\/categories?post=12044"},{"taxonomy":"post_tag","embeddable":true,"href":"http:\/\/www.kunstgalerie-barbara.de\/blog\/wp-json\/wp\/v2\/tags?post=12044"}],"curies":[{"name":"wp","href":"https:\/\/api.w.org\/{rel}","templated":true}]}}