{"id":12056,"date":"2013-01-24T00:00:53","date_gmt":"2013-01-23T23:00:53","guid":{"rendered":"http:\/\/www.kunstgalerie-barbara.de\/blog\/?p=12056"},"modified":"2013-01-24T09:06:52","modified_gmt":"2013-01-24T08:06:52","slug":"wenn-grossbritannien-immer-mit-einem-fuss","status":"publish","type":"post","link":"http:\/\/www.kunstgalerie-barbara.de\/blog\/2013\/01\/wenn-grossbritannien-immer-mit-einem-fuss\/","title":{"rendered":"Wenn Gro\u00dfbritannien immer mit einem Fu\u00df&#8230;"},"content":{"rendered":"<p>&#8230; au\u00dferhalb der EU war, sollte sie endlich den Mut haben den anderen Fu\u00df nachzuziehen. Das w\u00e4re, so meine ich f\u00fcr alle Beteiligten das Beste!<\/p>\n<p><a href=\"http:\/\/www.tagesschau.de\/ausland\/euaustritt100.html\">http:\/\/www.tagesschau.de\/ausland\/euaustritt100.html<\/a><\/p>\n<p style=\"text-align: center;\"><a href=\"http:\/\/www.tagesschau.de\/ausland\/euaustritt100.html\">http:\/\/www.tagesschau.de\/ausland\/euaustritt100.html<\/a><\/p>\n","protected":false},"excerpt":{"rendered":"<p>&#8230; au\u00dferhalb der EU war, sollte sie endlich den Mut haben den anderen Fu\u00df nachzuziehen. Das w\u00e4re, so meine ich f\u00fcr alle Beteiligten das Beste! http:\/\/www.tagesschau.de\/ausland\/euaustritt100.html http:\/\/www.tagesschau.de\/ausland\/euaustritt100.html<\/p>\n","protected":false},"author":1,"featured_media":0,"comment_status":"closed","ping_status":"closed","sticky":false,"template":"","format":"standard","meta":{"footnotes":""},"categories":[40,51],"tags":[],"jetpack_featured_media_url":"","_links":{"self":[{"href":"http:\/\/www.kunstgalerie-barbara.de\/blog\/wp-json\/wp\/v2\/posts\/12056"}],"collection":[{"href":"http:\/\/www.kunstgalerie-barbara.de\/blog\/wp-json\/wp\/v2\/posts"}],"about":[{"href":"http:\/\/www.kunstgalerie-barbara.de\/blog\/wp-json\/wp\/v2\/types\/post"}],"author":[{"embeddable":true,"href":"http:\/\/www.kunstgalerie-barbara.de\/blog\/wp-json\/wp\/v2\/users\/1"}],"replies":[{"embeddable":true,"href":"http:\/\/www.kunstgalerie-barbara.de\/blog\/wp-json\/wp\/v2\/comments?post=12056"}],"version-history":[{"count":1,"href":"http:\/\/www.kunstgalerie-barbara.de\/blog\/wp-json\/wp\/v2\/posts\/12056\/revisions"}],"predecessor-version":[{"id":12060,"href":"http:\/\/www.kunstgalerie-barbara.de\/blog\/wp-json\/wp\/v2\/posts\/12056\/revisions\/12060"}],"wp:attachment":[{"href":"http:\/\/www.kunstgalerie-barbara.de\/blog\/wp-json\/wp\/v2\/media?parent=12056"}],"wp:term":[{"taxonomy":"category","embeddable":true,"href":"http:\/\/www.kunstgalerie-barbara.de\/blog\/wp-json\/wp\/v2\/categories?post=12056"},{"taxonomy":"post_tag","embeddable":true,"href":"http:\/\/www.kunstgalerie-barbara.de\/blog\/wp-json\/wp\/v2\/tags?post=12056"}],"curies":[{"name":"wp","href":"https:\/\/api.w.org\/{rel}","templated":true}]}}