{"id":12081,"date":"2013-01-29T07:45:14","date_gmt":"2013-01-29T06:45:14","guid":{"rendered":"http:\/\/www.kunstgalerie-barbara.de\/blog\/?p=12081"},"modified":"2013-01-29T07:49:39","modified_gmt":"2013-01-29T06:49:39","slug":"kartoffelpizza","status":"publish","type":"post","link":"http:\/\/www.kunstgalerie-barbara.de\/blog\/2013\/01\/kartoffelpizza\/","title":{"rendered":"Kartoffelpizza&#8230;"},"content":{"rendered":"<p style=\"text-align: center;\"><a href=\"http:\/\/www.kunstgalerie-barbara.de\/blog\/wp-content\/uploads\/2013\/01\/page7.jpg\"><img loading=\"lazy\" decoding=\"async\" class=\"aligncenter size-full wp-image-12082\" title=\"page\" src=\"http:\/\/www.kunstgalerie-barbara.de\/blog\/wp-content\/uploads\/2013\/01\/page7.jpg\" alt=\"\" width=\"404\" height=\"404\" srcset=\"http:\/\/www.kunstgalerie-barbara.de\/blog\/wp-content\/uploads\/2013\/01\/page7.jpg 404w, http:\/\/www.kunstgalerie-barbara.de\/blog\/wp-content\/uploads\/2013\/01\/page7-150x150.jpg 150w, http:\/\/www.kunstgalerie-barbara.de\/blog\/wp-content\/uploads\/2013\/01\/page7-300x300.jpg 300w\" sizes=\"(max-width: 404px) 100vw, 404px\" \/><\/a>geht so:<!--more--><em><strong>Pizzateig herstellen aus:<\/strong><\/em><br \/>\n<em><strong> 250Gramm Vollkornmehl und 250 Gramm Mehl 550 beides mischen<\/strong><\/em><br \/>\n<em><strong> einen Teel\u00f6ffel Salz hinzuf\u00fcgen und ein bis zwei T\u00fctchen Hefe\u00a0 mit einer Tasse warmem Wasser in der K\u00fcchenmaschine kneten uns gehen lassen, bis sich der Teig verdoppelt hat, nochmals durchkneten und Teig ausrollen in der Gr\u00f6\u00dfe eines Kuchenblechs.<\/strong><\/em><br \/>\n<em><strong> Ein Becher Schmand mit Kr\u00e4utersalz und gemahlenem schwarzen Pfeffer mischen und auf den Teig streichen. Dann eine gro\u00dfe Kartoffel sch\u00e4len mit der Brotmaschine in sehr feine Scheiben schneiden und auf dem Teig verteilen. Dann drei bis vier Knoblauchzehen klein hacken und ebenfalls \u00fcber den Teig streuen zusammen mit gerebbeltem Oregano. Zum Schlu\u00df Mozzarella in Scheiben schneiden und den Kartoffelteig damit belegen. Ab in den Backofen und 30 bis 40 Minuten bei 200\u00b0 auf mittlerer Schiene backen.<\/strong><\/em><\/p>\n<p style=\"text-align: center;\">GUTEN APPETIT<\/p>\n<p style=\"text-align: center;\">\n","protected":false},"excerpt":{"rendered":"<p>geht so:<\/p>\n","protected":false},"author":1,"featured_media":0,"comment_status":"open","ping_status":"open","sticky":false,"template":"","format":"standard","meta":{"footnotes":""},"categories":[27,51],"tags":[],"jetpack_featured_media_url":"","_links":{"self":[{"href":"http:\/\/www.kunstgalerie-barbara.de\/blog\/wp-json\/wp\/v2\/posts\/12081"}],"collection":[{"href":"http:\/\/www.kunstgalerie-barbara.de\/blog\/wp-json\/wp\/v2\/posts"}],"about":[{"href":"http:\/\/www.kunstgalerie-barbara.de\/blog\/wp-json\/wp\/v2\/types\/post"}],"author":[{"embeddable":true,"href":"http:\/\/www.kunstgalerie-barbara.de\/blog\/wp-json\/wp\/v2\/users\/1"}],"replies":[{"embeddable":true,"href":"http:\/\/www.kunstgalerie-barbara.de\/blog\/wp-json\/wp\/v2\/comments?post=12081"}],"version-history":[{"count":1,"href":"http:\/\/www.kunstgalerie-barbara.de\/blog\/wp-json\/wp\/v2\/posts\/12081\/revisions"}],"predecessor-version":[{"id":12086,"href":"http:\/\/www.kunstgalerie-barbara.de\/blog\/wp-json\/wp\/v2\/posts\/12081\/revisions\/12086"}],"wp:attachment":[{"href":"http:\/\/www.kunstgalerie-barbara.de\/blog\/wp-json\/wp\/v2\/media?parent=12081"}],"wp:term":[{"taxonomy":"category","embeddable":true,"href":"http:\/\/www.kunstgalerie-barbara.de\/blog\/wp-json\/wp\/v2\/categories?post=12081"},{"taxonomy":"post_tag","embeddable":true,"href":"http:\/\/www.kunstgalerie-barbara.de\/blog\/wp-json\/wp\/v2\/tags?post=12081"}],"curies":[{"name":"wp","href":"https:\/\/api.w.org\/{rel}","templated":true}]}}