{"id":12094,"date":"2013-01-31T07:27:14","date_gmt":"2013-01-31T06:27:14","guid":{"rendered":"http:\/\/www.kunstgalerie-barbara.de\/blog\/?p=12094"},"modified":"2013-01-31T07:27:14","modified_gmt":"2013-01-31T06:27:14","slug":"alltaeglicher-sexismus-ist-leider-ein-laestiges-phaenomen","status":"publish","type":"post","link":"http:\/\/www.kunstgalerie-barbara.de\/blog\/2013\/01\/alltaeglicher-sexismus-ist-leider-ein-laestiges-phaenomen\/","title":{"rendered":"Allt\u00e4glicher Sexismus ist leider ein l\u00e4stiges Ph\u00e4nomen&#8230;"},"content":{"rendered":"<p>&#8230; da\u00df es aber solange geben wird, wie es halt Frauen und M\u00e4nner geben wird!<br \/>\nEs kommt auf Frau an und wie sie damit umgeht! Humor ist, meine ich noch die beste Variante. M\u00e4nner nehmen Weiblichkeit auf diese Art zur Kenntnis honorieren sie. Und solange es zu keinen k\u00f6rperlichen \u00dcbergriffen kommt, ist meine ich, alles noch im gr\u00fcnen Bereich! <!--more--><br \/>\nDumme Spr\u00fcche von allzu Hormongesteuerten oder Typen,die sich nicht benehmen k\u00f6nnen, hat&#8217;s immer gegeben und wird&#8217;s wohl auch immer geben aber wozu hat Frau ihren Mund\u00a0 und kann den sich daneben Benehmenden zurechtweisen! Aber jetzt mal ganz ehrlich, wenn es all das nicht g\u00e4be, w\u00e4r&#8217;s doch wohl ziemlich langweilig und Frauen m\u00fc\u00dften ensthaft an ihren Reizen zweifeln.<\/p>\n<p><a href=\"http:\/\/www.spiegel.de\/panorama\/gesellschaft\/die-bruederle-debatte-und-der-alltaegliche-sexismus-a-879502.html\">http:\/\/www.spiegel.de\/panorama\/gesellschaft\/die-bruederle-debatte-und-der-alltaegliche-sexismus-a-879502.html<\/a><\/p>\n","protected":false},"excerpt":{"rendered":"<p>&#8230; da\u00df es aber solange geben wird, wie es halt Frauen und M\u00e4nner geben wird! Es kommt auf Frau an und wie sie damit umgeht! Humor ist, meine ich noch die beste Variante. M\u00e4nner nehmen Weiblichkeit auf diese Art zur Kenntnis honorieren sie. Und solange es zu keinen k\u00f6rperlichen \u00dcbergriffen kommt, ist meine ich, alles noch im gr\u00fcnen Bereich!<\/p>\n","protected":false},"author":1,"featured_media":0,"comment_status":"open","ping_status":"open","sticky":false,"template":"","format":"standard","meta":{"footnotes":""},"categories":[42,19],"tags":[],"jetpack_featured_media_url":"","_links":{"self":[{"href":"http:\/\/www.kunstgalerie-barbara.de\/blog\/wp-json\/wp\/v2\/posts\/12094"}],"collection":[{"href":"http:\/\/www.kunstgalerie-barbara.de\/blog\/wp-json\/wp\/v2\/posts"}],"about":[{"href":"http:\/\/www.kunstgalerie-barbara.de\/blog\/wp-json\/wp\/v2\/types\/post"}],"author":[{"embeddable":true,"href":"http:\/\/www.kunstgalerie-barbara.de\/blog\/wp-json\/wp\/v2\/users\/1"}],"replies":[{"embeddable":true,"href":"http:\/\/www.kunstgalerie-barbara.de\/blog\/wp-json\/wp\/v2\/comments?post=12094"}],"version-history":[{"count":1,"href":"http:\/\/www.kunstgalerie-barbara.de\/blog\/wp-json\/wp\/v2\/posts\/12094\/revisions"}],"predecessor-version":[{"id":12096,"href":"http:\/\/www.kunstgalerie-barbara.de\/blog\/wp-json\/wp\/v2\/posts\/12094\/revisions\/12096"}],"wp:attachment":[{"href":"http:\/\/www.kunstgalerie-barbara.de\/blog\/wp-json\/wp\/v2\/media?parent=12094"}],"wp:term":[{"taxonomy":"category","embeddable":true,"href":"http:\/\/www.kunstgalerie-barbara.de\/blog\/wp-json\/wp\/v2\/categories?post=12094"},{"taxonomy":"post_tag","embeddable":true,"href":"http:\/\/www.kunstgalerie-barbara.de\/blog\/wp-json\/wp\/v2\/tags?post=12094"}],"curies":[{"name":"wp","href":"https:\/\/api.w.org\/{rel}","templated":true}]}}